{"id":11968,"date":"2025-11-03T10:14:16","date_gmt":"2025-11-03T09:14:16","guid":{"rendered":"https:\/\/iph-multisite.berta-bewegt.ch\/?p=11968"},"modified":"2026-03-03T10:24:11","modified_gmt":"2026-03-03T09:24:11","slug":"serie-de-blogs-sur-le-moniteur-de-la-sante-2025-dinterpharma-partie-1-un-quart-de-siecle","status":"publish","type":"post","link":"https:\/\/iph-multisite.berta-bewegt.ch\/fr\/blog\/serie-de-blogs-sur-le-moniteur-de-la-sante-2025-dinterpharma-partie-1-un-quart-de-siecle\/","title":{"rendered":"S\u00e9rie de blogs sur le Moniteur de la sant\u00e9 2025 d\u2019Interpharma, partie 1: Un quart de si\u00e8cle"},"content":{"rendered":"\n<p><strong><em>Le Moniteur de la sant\u00e9, mandat\u00e9 par Interpharma et r\u00e9alis\u00e9 par l\u2019institut de recherche gfs.bern, f\u00eate cette ann\u00e9e son 25<sup>e<\/sup> anniversaire. Depuis un quart de si\u00e8cle, cette \u00e9tude fournit des informations importantes sur les opinions de la population suisse sur le syst\u00e8me de sant\u00e9 et le r\u00f4le qu\u2019y joue l\u2019industrie pharmaceutique. Le Moniteur de la sant\u00e9 est donc l\u2019un des plus solides outils de monitorage en Suisse qui interroge chaque ann\u00e9e la population en \u00e2ge de voter sur des questions li\u00e9es \u00e0 la sant\u00e9. Il repr\u00e9sente une interface instructive entre l\u2019opinion publique et la branche pharmaceutique et rel\u00e8ve r\u00e9guli\u00e8rement les pr\u00e9occupations, attentes et opinions sur l\u2019un des sujets les plus complexes de politique int\u00e9rieure: le syst\u00e8me de sant\u00e9 suisse.<\/em><\/strong><\/p>\n\n\n\n<p>L\u2019entr\u00e9e en vigueur de la Loi f\u00e9d\u00e9rale sur l\u2019assurance-maladie (LAMal) en 1996 a tourn\u00e9 une page dans l\u2019histoire du syst\u00e8me de sant\u00e9 suisse. Cette loi a pos\u00e9 les bases \u00e0 un syst\u00e8me au financement solidaire, qui devait permettre \u00e0 la population d\u2019acc\u00e9der \u00e0 des soins m\u00e9dicaux de haute qualit\u00e9. La solidarit\u00e9, la qualit\u00e9 et la viabilit\u00e9 financi\u00e8re \u00e9taient les trois grands piliers de cette r\u00e9forme. Des valeurs qui, encore aujourd\u2019hui, pr\u00e8s de trente ann\u00e9es plus tard, continuent de marquer le discours public.<\/p>\n\n\n\n<h2 class=\"wp-block-heading\" id=\"h-solidarite-profondement-ancree-dans-la-population\"><strong>Solidarit\u00e9 profond\u00e9ment ancr\u00e9e dans la population<\/strong><\/h2>\n\n\n\n<p>Au cours des 25 derni\u00e8res ann\u00e9es, on a pu constater que le principe de solidarit\u00e9 est profond\u00e9ment ancr\u00e9 dans la population suisse. Une large majorit\u00e9 soutient la compensation financi\u00e8re commune qui aide toute personne qui, en raison d\u2019une maladie ou d\u2019un handicap, a besoin d\u2019un soutien particulier. Mais en m\u00eame temps, on observe aussi une conscience croissante des co\u00fbts, en particulier vis-\u00e0-vis de maladies dont la personne touch\u00e9e est tenue pour responsable ou qui sont li\u00e9es \u00e0 un mode de vie malsain. Cette ambivalence refl\u00e8te les transformations observ\u00e9es dans la soci\u00e9t\u00e9: la solidarit\u00e9 reste un \u00e9l\u00e9ment cl\u00e9, mais elle s\u2019accompagne de plus en plus souvent de la volont\u00e9 de donner plus d\u2019importance \u00e0 la responsabilit\u00e9 individuelle.<\/p>\n\n\n\n<p>La perception de la qualit\u00e9 du syst\u00e8me de sant\u00e9 suisse est positive: la population appr\u00e9cie le haut niveau de la m\u00e9decine, la disponibilit\u00e9 de traitements modernes et le professionnalisme du personnel. Cependant, on est critique vis-\u00e0-vis de l\u2019acc\u00e8s aux m\u00e9dicaments innovants et aux nouvelles m\u00e9thodes de traitement: les d\u00e9lais d\u2019attente entre l\u2019autorisation de mise sur le march\u00e9 et la prise en charge par l\u2019assurance de base se sont allong\u00e9s ces derni\u00e8res ann\u00e9es. Cette \u00e9volution contredit de plus en plus l\u2019exigence d\u2019un syst\u00e8me de sant\u00e9 moderne et orient\u00e9 vers les patient-e-s. Selon Interpharma, il est urgent d\u2019agir dans ce domaine: les innovations doivent \u00eatre plus rapidement disponibles, de mani\u00e8re \u00e0 ce que les patient-e-s b\u00e9n\u00e9ficient des progr\u00e8s m\u00e9dicaux sans attendre outre mesure.<\/p>\n\n\n\n<p>Pour ce qui est des co\u00fbts, le Moniteur de la sant\u00e9 montre que les primes des caisses-maladie continuent de peser lourdement sur de nombreux m\u00e9nages. Ceci bien que la hausse des primes ne d\u00e9passe pas des indicateurs objectifs comme les salaires r\u00e9els et la croissance \u00e9conomique. La part des m\u00e9dicaments dans les co\u00fbts globaux reste en revanche stable au cours du temps, ce qui montre que ce ne sont pas les prix qui sont la principale cause de hausse des d\u00e9penses, mais la demande croissante et le progr\u00e8s m\u00e9dical.<\/p>\n\n\n\n<p>Le Moniteur de la sant\u00e9 reste un outil indispensable pour prendre le pouls de la population et enrichir le discours sur la politique de sant\u00e9 par des bases empiriques.<\/p>\n\n\n\n<p>Interpharma contribue ainsi \u00e0 fournir des rep\u00e8res pour la soci\u00e9t\u00e9. Au bout d\u2019un quart de si\u00e8cle, on peut constater que le Moniteur de la sant\u00e9 n\u2019est pas seulement une \u00e9tude, mais un compas fiable pour la politique de sant\u00e9 en Suisse.<\/p>\n\n\n\n<p><a href=\"https:\/\/iph-multisite.berta-bewegt.ch\/blog\/serie-de-blogs-sur-le-moniteur-de-la-sante-2025-dinterpharma-partie-2-bonne-qualite-mais-potentiel-damelioration\/?lang=fr\">Cliquez ici pour acc\u00e9der \u00e0 la partie 2 de la s\u00e9rie d&rsquo;articles<\/a><\/p>\n\n\n\n<p><a href=\"https:\/\/iph-multisite.berta-bewegt.ch\/blog\/serie-de-blogs-sur-le-moniteur-de-la-sante-2025-dinterpharma-partie-3-la-perception-des-couts-et-les-faits-ne-concordent-pas-toujours\/?lang=fr\">Cliquez ici pour acc\u00e9der \u00e0 la partie 3 de la s\u00e9rie d\u2019articles<\/a><\/p>\n\n\n\n<p><\/p>\n","protected":false},"excerpt":{"rendered":"<p>Le Moniteur de la sant\u00e9, mandat\u00e9 par Interpharma et r\u00e9alis\u00e9 par l\u2019institut de recherche gfs.bern, f\u00eate cette ann\u00e9e son 25e anniversaire. Depuis un quart de si\u00e8cle, cette \u00e9tude fournit des informations importantes sur les opinions de la population suisse sur le syst\u00e8me de sant\u00e9 et le r\u00f4le qu\u2019y joue l\u2019industrie pharmaceutique. Le Moniteur de la [&hellip;]<\/p>\n","protected":false},"author":1,"featured_media":3711,"comment_status":"closed","ping_status":"open","sticky":false,"template":"","format":"standard","meta":{"_acf_changed":false,"inline_featured_image":false,"footnotes":""},"tags":[127,131],"class_list":["post-11968","post","type-post","status-publish","format-standard","has-post-thumbnail","hentry","tag-acces-des-patients","tag-politique"],"acf":[],"yoast_head":"<!-- This site is optimized with the Yoast SEO plugin v27.2 - https:\/\/yoast.com\/product\/yoast-seo-wordpress\/ -->\n<title>S\u00e9rie de blogs sur le Moniteur de la sant\u00e9 2025 d\u2019Interpharma, partie 1: Un quart de si\u00e8cle - Interpharma<\/title>\n<meta name=\"robots\" content=\"noindex, follow, max-snippet:-1, max-image-preview:large, max-video-preview:-1\" \/>\n<meta property=\"og:locale\" content=\"fr_FR\" \/>\n<meta property=\"og:type\" content=\"article\" \/>\n<meta property=\"og:title\" content=\"S\u00e9rie de blogs sur le Moniteur de la sant\u00e9 2025 d\u2019Interpharma, partie 1: Un quart de si\u00e8cle - Interpharma\" \/>\n<meta property=\"og:description\" content=\"Le Moniteur de la sant\u00e9, mandat\u00e9 par Interpharma et r\u00e9alis\u00e9 par l\u2019institut de recherche gfs.bern, f\u00eate cette ann\u00e9e son 25e anniversaire. Depuis un quart de si\u00e8cle, cette \u00e9tude fournit des informations importantes sur les opinions de la population suisse sur le syst\u00e8me de sant\u00e9 et le r\u00f4le qu\u2019y joue l\u2019industrie pharmaceutique. Le Moniteur de la [&hellip;]\" \/>\n<meta property=\"og:url\" content=\"https:\/\/iph-multisite.berta-bewegt.ch\/fr\/blog\/serie-de-blogs-sur-le-moniteur-de-la-sante-2025-dinterpharma-partie-1-un-quart-de-siecle\/\" \/>\n<meta property=\"og:site_name\" content=\"Interpharma\" \/>\n<meta property=\"article:published_time\" content=\"2025-11-03T09:14:16+00:00\" \/>\n<meta property=\"article:modified_time\" content=\"2026-03-03T09:24:11+00:00\" \/>\n<meta property=\"og:image\" content=\"https:\/\/iph-multisite.berta-bewegt.ch\/wp-content\/uploads\/2025\/11\/Screenshot-2025-11-03-090716.png\" \/>\n\t<meta property=\"og:image:width\" content=\"560\" \/>\n\t<meta property=\"og:image:height\" content=\"602\" \/>\n\t<meta property=\"og:image:type\" content=\"image\/png\" \/>\n<meta name=\"author\" content=\"berta_admin\" \/>\n<meta name=\"twitter:card\" content=\"summary_large_image\" \/>\n<meta name=\"twitter:label1\" content=\"\u00c9crit par\" \/>\n\t<meta name=\"twitter:data1\" content=\"berta_admin\" \/>\n\t<meta name=\"twitter:label2\" content=\"Dur\u00e9e de lecture estim\u00e9e\" \/>\n\t<meta name=\"twitter:data2\" content=\"4 minutes\" \/>\n<script type=\"application\/ld+json\" class=\"yoast-schema-graph\">{\"@context\":\"https:\/\/schema.org\",\"@graph\":[{\"@type\":\"Article\",\"@id\":\"https:\/\/iph-multisite.berta-bewegt.ch\/fr\/blog\/serie-de-blogs-sur-le-moniteur-de-la-sante-2025-dinterpharma-partie-1-un-quart-de-siecle\/#article\",\"isPartOf\":{\"@id\":\"https:\/\/iph-multisite.berta-bewegt.ch\/fr\/blog\/serie-de-blogs-sur-le-moniteur-de-la-sante-2025-dinterpharma-partie-1-un-quart-de-siecle\/\"},\"author\":{\"name\":\"berta_admin\",\"@id\":\"https:\/\/iph-multisite.berta-bewegt.ch\/#\/schema\/person\/749c3574947ecc016332eb58d91e45a3\"},\"headline\":\"S\u00e9rie de blogs sur le Moniteur de la sant\u00e9 2025 d\u2019Interpharma, partie 1: Un quart de si\u00e8cle\",\"datePublished\":\"2025-11-03T09:14:16+00:00\",\"dateModified\":\"2026-03-03T09:24:11+00:00\",\"mainEntityOfPage\":{\"@id\":\"https:\/\/iph-multisite.berta-bewegt.ch\/fr\/blog\/serie-de-blogs-sur-le-moniteur-de-la-sante-2025-dinterpharma-partie-1-un-quart-de-siecle\/\"},\"wordCount\":733,\"image\":{\"@id\":\"https:\/\/iph-multisite.berta-bewegt.ch\/fr\/blog\/serie-de-blogs-sur-le-moniteur-de-la-sante-2025-dinterpharma-partie-1-un-quart-de-siecle\/#primaryimage\"},\"thumbnailUrl\":\"https:\/\/iph-multisite.berta-bewegt.ch\/wp-content\/uploads\/2025\/11\/Screenshot-2025-11-03-090716.png\",\"keywords\":[\"Acc\u00e8s des patients\",\"Politique\"],\"inLanguage\":\"fr-FR\",\"copyrightYear\":\"2025\",\"copyrightHolder\":{\"@id\":\"https:\/\/iph-multisite.berta-bewegt.ch\/#organization\"}},{\"@type\":\"WebPage\",\"@id\":\"https:\/\/iph-multisite.berta-bewegt.ch\/fr\/blog\/serie-de-blogs-sur-le-moniteur-de-la-sante-2025-dinterpharma-partie-1-un-quart-de-siecle\/\",\"url\":\"https:\/\/iph-multisite.berta-bewegt.ch\/fr\/blog\/serie-de-blogs-sur-le-moniteur-de-la-sante-2025-dinterpharma-partie-1-un-quart-de-siecle\/\",\"name\":\"S\u00e9rie de blogs sur le Moniteur de la sant\u00e9 2025 d\u2019Interpharma, partie 1: Un quart de si\u00e8cle - Interpharma\",\"isPartOf\":{\"@id\":\"https:\/\/iph-multisite.berta-bewegt.ch\/#website\"},\"primaryImageOfPage\":{\"@id\":\"https:\/\/iph-multisite.berta-bewegt.ch\/fr\/blog\/serie-de-blogs-sur-le-moniteur-de-la-sante-2025-dinterpharma-partie-1-un-quart-de-siecle\/#primaryimage\"},\"image\":{\"@id\":\"https:\/\/iph-multisite.berta-bewegt.ch\/fr\/blog\/serie-de-blogs-sur-le-moniteur-de-la-sante-2025-dinterpharma-partie-1-un-quart-de-siecle\/#primaryimage\"},\"thumbnailUrl\":\"https:\/\/iph-multisite.berta-bewegt.ch\/wp-content\/uploads\/2025\/11\/Screenshot-2025-11-03-090716.png\",\"datePublished\":\"2025-11-03T09:14:16+00:00\",\"dateModified\":\"2026-03-03T09:24:11+00:00\",\"author\":{\"@id\":\"https:\/\/iph-multisite.berta-bewegt.ch\/#\/schema\/person\/749c3574947ecc016332eb58d91e45a3\"},\"breadcrumb\":{\"@id\":\"https:\/\/iph-multisite.berta-bewegt.ch\/fr\/blog\/serie-de-blogs-sur-le-moniteur-de-la-sante-2025-dinterpharma-partie-1-un-quart-de-siecle\/#breadcrumb\"},\"inLanguage\":\"fr-FR\",\"potentialAction\":[{\"@type\":\"ReadAction\",\"target\":[\"https:\/\/iph-multisite.berta-bewegt.ch\/fr\/blog\/serie-de-blogs-sur-le-moniteur-de-la-sante-2025-dinterpharma-partie-1-un-quart-de-siecle\/\"]}]},{\"@type\":\"ImageObject\",\"inLanguage\":\"fr-FR\",\"@id\":\"https:\/\/iph-multisite.berta-bewegt.ch\/fr\/blog\/serie-de-blogs-sur-le-moniteur-de-la-sante-2025-dinterpharma-partie-1-un-quart-de-siecle\/#primaryimage\",\"url\":\"https:\/\/iph-multisite.berta-bewegt.ch\/wp-content\/uploads\/2025\/11\/Screenshot-2025-11-03-090716.png\",\"contentUrl\":\"https:\/\/iph-multisite.berta-bewegt.ch\/wp-content\/uploads\/2025\/11\/Screenshot-2025-11-03-090716.png\",\"width\":560,\"height\":602},{\"@type\":\"BreadcrumbList\",\"@id\":\"https:\/\/iph-multisite.berta-bewegt.ch\/fr\/blog\/serie-de-blogs-sur-le-moniteur-de-la-sante-2025-dinterpharma-partie-1-un-quart-de-siecle\/#breadcrumb\",\"itemListElement\":[{\"@type\":\"ListItem\",\"position\":1,\"name\":\"Startseite\",\"item\":\"https:\/\/iph-multisite.berta-bewegt.ch\/fr\/\"},{\"@type\":\"ListItem\",\"position\":2,\"name\":\"S\u00e9rie de blogs sur le Moniteur de la sant\u00e9 2025 d\u2019Interpharma, partie 1: Un quart de si\u00e8cle\"}]},{\"@type\":\"WebSite\",\"@id\":\"https:\/\/iph-multisite.berta-bewegt.ch\/#website\",\"url\":\"https:\/\/iph-multisite.berta-bewegt.ch\/\",\"name\":\"Interpharma\",\"description\":\"Verband der forschenden Pharmazeutischen Firmen\",\"potentialAction\":[{\"@type\":\"SearchAction\",\"target\":{\"@type\":\"EntryPoint\",\"urlTemplate\":\"https:\/\/iph-multisite.berta-bewegt.ch\/?s={search_term_string}\"},\"query-input\":{\"@type\":\"PropertyValueSpecification\",\"valueRequired\":true,\"valueName\":\"search_term_string\"}}],\"inLanguage\":\"fr-FR\"},{\"@type\":\"Person\",\"@id\":\"https:\/\/iph-multisite.berta-bewegt.ch\/#\/schema\/person\/749c3574947ecc016332eb58d91e45a3\",\"name\":\"berta_admin\",\"image\":{\"@type\":\"ImageObject\",\"inLanguage\":\"fr-FR\",\"@id\":\"https:\/\/secure.gravatar.com\/avatar\/a2aeb00900e30743ff2859dfc3dd11cf7e64bb4ec7a1f349ee3772658a1d087d?s=96&d=mm&r=g\",\"url\":\"https:\/\/secure.gravatar.com\/avatar\/a2aeb00900e30743ff2859dfc3dd11cf7e64bb4ec7a1f349ee3772658a1d087d?s=96&d=mm&r=g\",\"contentUrl\":\"https:\/\/secure.gravatar.com\/avatar\/a2aeb00900e30743ff2859dfc3dd11cf7e64bb4ec7a1f349ee3772658a1d087d?s=96&d=mm&r=g\",\"caption\":\"berta_admin\"},\"sameAs\":[\"https:\/\/iph-multisite.berta-bewegt.ch\"]}]}<\/script>\n<!-- \/ Yoast SEO plugin. -->","yoast_head_json":{"title":"S\u00e9rie de blogs sur le Moniteur de la sant\u00e9 2025 d\u2019Interpharma, partie 1: Un quart de si\u00e8cle - Interpharma","robots":{"index":"noindex","follow":"follow","max-snippet":"max-snippet:-1","max-image-preview":"max-image-preview:large","max-video-preview":"max-video-preview:-1"},"og_locale":"fr_FR","og_type":"article","og_title":"S\u00e9rie de blogs sur le Moniteur de la sant\u00e9 2025 d\u2019Interpharma, partie 1: Un quart de si\u00e8cle - Interpharma","og_description":"Le Moniteur de la sant\u00e9, mandat\u00e9 par Interpharma et r\u00e9alis\u00e9 par l\u2019institut de recherche gfs.bern, f\u00eate cette ann\u00e9e son 25e anniversaire. Depuis un quart de si\u00e8cle, cette \u00e9tude fournit des informations importantes sur les opinions de la population suisse sur le syst\u00e8me de sant\u00e9 et le r\u00f4le qu\u2019y joue l\u2019industrie pharmaceutique. Le Moniteur de la [&hellip;]","og_url":"https:\/\/iph-multisite.berta-bewegt.ch\/fr\/blog\/serie-de-blogs-sur-le-moniteur-de-la-sante-2025-dinterpharma-partie-1-un-quart-de-siecle\/","og_site_name":"Interpharma","article_published_time":"2025-11-03T09:14:16+00:00","article_modified_time":"2026-03-03T09:24:11+00:00","og_image":[{"width":560,"height":602,"url":"https:\/\/iph-multisite.berta-bewegt.ch\/wp-content\/uploads\/2025\/11\/Screenshot-2025-11-03-090716.png","type":"image\/png"}],"author":"berta_admin","twitter_card":"summary_large_image","twitter_misc":{"\u00c9crit par":"berta_admin","Dur\u00e9e de lecture estim\u00e9e":"4 minutes"},"schema":{"@context":"https:\/\/schema.org","@graph":[{"@type":"Article","@id":"https:\/\/iph-multisite.berta-bewegt.ch\/fr\/blog\/serie-de-blogs-sur-le-moniteur-de-la-sante-2025-dinterpharma-partie-1-un-quart-de-siecle\/#article","isPartOf":{"@id":"https:\/\/iph-multisite.berta-bewegt.ch\/fr\/blog\/serie-de-blogs-sur-le-moniteur-de-la-sante-2025-dinterpharma-partie-1-un-quart-de-siecle\/"},"author":{"name":"berta_admin","@id":"https:\/\/iph-multisite.berta-bewegt.ch\/#\/schema\/person\/749c3574947ecc016332eb58d91e45a3"},"headline":"S\u00e9rie de blogs sur le Moniteur de la sant\u00e9 2025 d\u2019Interpharma, partie 1: Un quart de si\u00e8cle","datePublished":"2025-11-03T09:14:16+00:00","dateModified":"2026-03-03T09:24:11+00:00","mainEntityOfPage":{"@id":"https:\/\/iph-multisite.berta-bewegt.ch\/fr\/blog\/serie-de-blogs-sur-le-moniteur-de-la-sante-2025-dinterpharma-partie-1-un-quart-de-siecle\/"},"wordCount":733,"image":{"@id":"https:\/\/iph-multisite.berta-bewegt.ch\/fr\/blog\/serie-de-blogs-sur-le-moniteur-de-la-sante-2025-dinterpharma-partie-1-un-quart-de-siecle\/#primaryimage"},"thumbnailUrl":"https:\/\/iph-multisite.berta-bewegt.ch\/wp-content\/uploads\/2025\/11\/Screenshot-2025-11-03-090716.png","keywords":["Acc\u00e8s des patients","Politique"],"inLanguage":"fr-FR","copyrightYear":"2025","copyrightHolder":{"@id":"https:\/\/iph-multisite.berta-bewegt.ch\/#organization"}},{"@type":"WebPage","@id":"https:\/\/iph-multisite.berta-bewegt.ch\/fr\/blog\/serie-de-blogs-sur-le-moniteur-de-la-sante-2025-dinterpharma-partie-1-un-quart-de-siecle\/","url":"https:\/\/iph-multisite.berta-bewegt.ch\/fr\/blog\/serie-de-blogs-sur-le-moniteur-de-la-sante-2025-dinterpharma-partie-1-un-quart-de-siecle\/","name":"S\u00e9rie de blogs sur le Moniteur de la sant\u00e9 2025 d\u2019Interpharma, partie 1: Un quart de si\u00e8cle - Interpharma","isPartOf":{"@id":"https:\/\/iph-multisite.berta-bewegt.ch\/#website"},"primaryImageOfPage":{"@id":"https:\/\/iph-multisite.berta-bewegt.ch\/fr\/blog\/serie-de-blogs-sur-le-moniteur-de-la-sante-2025-dinterpharma-partie-1-un-quart-de-siecle\/#primaryimage"},"image":{"@id":"https:\/\/iph-multisite.berta-bewegt.ch\/fr\/blog\/serie-de-blogs-sur-le-moniteur-de-la-sante-2025-dinterpharma-partie-1-un-quart-de-siecle\/#primaryimage"},"thumbnailUrl":"https:\/\/iph-multisite.berta-bewegt.ch\/wp-content\/uploads\/2025\/11\/Screenshot-2025-11-03-090716.png","datePublished":"2025-11-03T09:14:16+00:00","dateModified":"2026-03-03T09:24:11+00:00","author":{"@id":"https:\/\/iph-multisite.berta-bewegt.ch\/#\/schema\/person\/749c3574947ecc016332eb58d91e45a3"},"breadcrumb":{"@id":"https:\/\/iph-multisite.berta-bewegt.ch\/fr\/blog\/serie-de-blogs-sur-le-moniteur-de-la-sante-2025-dinterpharma-partie-1-un-quart-de-siecle\/#breadcrumb"},"inLanguage":"fr-FR","potentialAction":[{"@type":"ReadAction","target":["https:\/\/iph-multisite.berta-bewegt.ch\/fr\/blog\/serie-de-blogs-sur-le-moniteur-de-la-sante-2025-dinterpharma-partie-1-un-quart-de-siecle\/"]}]},{"@type":"ImageObject","inLanguage":"fr-FR","@id":"https:\/\/iph-multisite.berta-bewegt.ch\/fr\/blog\/serie-de-blogs-sur-le-moniteur-de-la-sante-2025-dinterpharma-partie-1-un-quart-de-siecle\/#primaryimage","url":"https:\/\/iph-multisite.berta-bewegt.ch\/wp-content\/uploads\/2025\/11\/Screenshot-2025-11-03-090716.png","contentUrl":"https:\/\/iph-multisite.berta-bewegt.ch\/wp-content\/uploads\/2025\/11\/Screenshot-2025-11-03-090716.png","width":560,"height":602},{"@type":"BreadcrumbList","@id":"https:\/\/iph-multisite.berta-bewegt.ch\/fr\/blog\/serie-de-blogs-sur-le-moniteur-de-la-sante-2025-dinterpharma-partie-1-un-quart-de-siecle\/#breadcrumb","itemListElement":[{"@type":"ListItem","position":1,"name":"Startseite","item":"https:\/\/iph-multisite.berta-bewegt.ch\/fr\/"},{"@type":"ListItem","position":2,"name":"S\u00e9rie de blogs sur le Moniteur de la sant\u00e9 2025 d\u2019Interpharma, partie 1: Un quart de si\u00e8cle"}]},{"@type":"WebSite","@id":"https:\/\/iph-multisite.berta-bewegt.ch\/#website","url":"https:\/\/iph-multisite.berta-bewegt.ch\/","name":"Interpharma","description":"Verband der forschenden Pharmazeutischen Firmen","potentialAction":[{"@type":"SearchAction","target":{"@type":"EntryPoint","urlTemplate":"https:\/\/iph-multisite.berta-bewegt.ch\/?s={search_term_string}"},"query-input":{"@type":"PropertyValueSpecification","valueRequired":true,"valueName":"search_term_string"}}],"inLanguage":"fr-FR"},{"@type":"Person","@id":"https:\/\/iph-multisite.berta-bewegt.ch\/#\/schema\/person\/749c3574947ecc016332eb58d91e45a3","name":"berta_admin","image":{"@type":"ImageObject","inLanguage":"fr-FR","@id":"https:\/\/secure.gravatar.com\/avatar\/a2aeb00900e30743ff2859dfc3dd11cf7e64bb4ec7a1f349ee3772658a1d087d?s=96&d=mm&r=g","url":"https:\/\/secure.gravatar.com\/avatar\/a2aeb00900e30743ff2859dfc3dd11cf7e64bb4ec7a1f349ee3772658a1d087d?s=96&d=mm&r=g","contentUrl":"https:\/\/secure.gravatar.com\/avatar\/a2aeb00900e30743ff2859dfc3dd11cf7e64bb4ec7a1f349ee3772658a1d087d?s=96&d=mm&r=g","caption":"berta_admin"},"sameAs":["https:\/\/iph-multisite.berta-bewegt.ch"]}]}},"_links":{"self":[{"href":"https:\/\/iph-multisite.berta-bewegt.ch\/fr\/wp-json\/wp\/v2\/posts\/11968","targetHints":{"allow":["GET"]}}],"collection":[{"href":"https:\/\/iph-multisite.berta-bewegt.ch\/fr\/wp-json\/wp\/v2\/posts"}],"about":[{"href":"https:\/\/iph-multisite.berta-bewegt.ch\/fr\/wp-json\/wp\/v2\/types\/post"}],"author":[{"embeddable":true,"href":"https:\/\/iph-multisite.berta-bewegt.ch\/fr\/wp-json\/wp\/v2\/users\/1"}],"replies":[{"embeddable":true,"href":"https:\/\/iph-multisite.berta-bewegt.ch\/fr\/wp-json\/wp\/v2\/comments?post=11968"}],"version-history":[{"count":1,"href":"https:\/\/iph-multisite.berta-bewegt.ch\/fr\/wp-json\/wp\/v2\/posts\/11968\/revisions"}],"predecessor-version":[{"id":11969,"href":"https:\/\/iph-multisite.berta-bewegt.ch\/fr\/wp-json\/wp\/v2\/posts\/11968\/revisions\/11969"}],"wp:featuredmedia":[{"embeddable":true,"href":"https:\/\/iph-multisite.berta-bewegt.ch\/fr\/wp-json\/wp\/v2\/media\/3711"}],"wp:attachment":[{"href":"https:\/\/iph-multisite.berta-bewegt.ch\/fr\/wp-json\/wp\/v2\/media?parent=11968"}],"wp:term":[{"taxonomy":"post_tag","embeddable":true,"href":"https:\/\/iph-multisite.berta-bewegt.ch\/fr\/wp-json\/wp\/v2\/tags?post=11968"}],"curies":[{"name":"wp","href":"https:\/\/api.w.org\/{rel}","templated":true}]}}