{"id":11994,"date":"2025-09-10T07:00:00","date_gmt":"2025-09-10T05:00:00","guid":{"rendered":"https:\/\/iph-multisite.berta-bewegt.ch\/?p=11994"},"modified":"2026-03-03T10:24:48","modified_gmt":"2026-03-03T09:24:48","slug":"communique-de-presse-nouvelle-enquete-sur-leurope-2025-les-intentions-de-vote-sur-les-accords-bilateraux-iii-montrent-une-large-majorite-de-oui","status":"publish","type":"post","link":"https:\/\/iph-multisite.berta-bewegt.ch\/fr\/blog\/communique-de-presse-nouvelle-enquete-sur-leurope-2025-les-intentions-de-vote-sur-les-accords-bilateraux-iii-montrent-une-large-majorite-de-oui\/","title":{"rendered":"Communiqu\u00e9 de presse: Nouvelle enqu\u00eate sur l\u2019Europe 2025: les intentions de vote sur les accords bilat\u00e9raux III montrent une large majorit\u00e9 de \u00aboui\u00bb"},"content":{"rendered":"\n<p><strong>Pour la premi\u00e8re fois, l\u2019enqu\u00eate repr\u00e9sentative r\u00e9alis\u00e9e par gfs.bern sur mandat d\u2019Interpharma a interrog\u00e9 la population suisse sur ses intentions de vote sur le paquet d\u2019accords bilat\u00e9raux Suisse-UE. Le r\u00e9sultat est clair: si le r\u00e9f\u00e9rendum avait lieu aujourd\u2019hui, une majorit\u00e9 de plus de 60% mettrait dans l\u2019urne un oui \u00e0 la stabilisation des accords existants. La population est aussi favorable aux nouveaux accords, en particulier celui sur l\u2019\u00e9lectricit\u00e9. En outre, deux tiers de la population accordent plus d\u2019importance aux relations avec l\u2019UE qu\u2019avec les \u00c9tats-Unis. <\/strong><strong><\/strong><\/p>\n\n\n\n<p>L\u2019enqu\u00eate a \u00e9t\u00e9 en majeure partie r\u00e9alis\u00e9e avant les annonces de droits de douane des \u00c9tats-Unis le 1<sup>er<\/sup> ao\u00fbt. Malgr\u00e9 cela, il appara\u00eet que 66% des personnes interrog\u00e9es accordent plus d\u2019importance aux relations avec l\u2019UE qu\u2019avec les \u00c9tats-Unis. 6% seulement consid\u00e8rent les relations avec les \u00c9tats-Unis comme plus importantes, tandis qu\u2019une personne sur cinq pense que les deux sont aussi importantes l\u2019une que l\u2019autre. L\u2019enqu\u00eate montre aussi que la majeure partie de la population souhaite des relations stables et bien r\u00e9gl\u00e9es avec l\u2019UE, principale partenaire commerciale.<\/p>\n\n\n\n<p><strong>La population soutient clairement la stabilisation et le d\u00e9veloppement futur des relations avec l\u2019UE<\/strong><\/p>\n\n\n\n<p>Pour la premi\u00e8re fois, les intentions de vote concr\u00e8tes ont \u00e9t\u00e9 demand\u00e9es. En ao\u00fbt, 61% des personnes interrog\u00e9es auraient vot\u00e9 oui \u00e0 la stabilisation des contrats existants. La population est \u00e9galement tr\u00e8s nettement favorable aux nouveaux accords avec 69% pour l\u2019accord sur l\u2019\u00e9lectricit\u00e9, 68% pour celui sur la sant\u00e9 et 54% pour celui sur la s\u00e9curit\u00e9 des aliments. Les avis positifs sur le paquet d\u2019accords sont favoris\u00e9s par la conviction que l\u2019heure est venue d\u2019assurer et stabiliser la coop\u00e9ration avec l\u2019UE.<\/p>\n\n\n\n<p><strong>Reconnaissance du r\u00e9sultat des n\u00e9gociations, surcro\u00eet de polarisation<\/strong><strong><\/strong><\/p>\n\n\n\n<p>La population approuve largement les succ\u00e8s obtenus par la Suisse dans les n\u00e9gociations. En particulier le renouvellement de l\u2019acc\u00e8s \u00e0 Horizon (85%) et une concession de l\u2019UE \u00e0 la Suisse lui permettant d\u2019expulser les ressortissant-e-s de l\u2019UE qui se seraient rendus coupables d\u2019actions criminelles (84%) recueillent un soutien jusque dans les rangs de l\u2019UDC. Les arguments \u00e9conomiques sont essentiels: 80% des personnes interrog\u00e9es estiment important que la voie bilat\u00e9rale \u00e9limine les obstacles techniques au commerce et permette de recruter du personnel qualifi\u00e9 \u00e0 l\u2019\u00e9tranger. 79% consid\u00e8rent les accords bilat\u00e9raux comme importants parce qu\u2019ils assurent l\u2019acc\u00e8s au march\u00e9 d\u2019exportation qu\u2019est l\u2019UE. 78% sont d\u2019accord avec l\u2019argument que les accords bilat\u00e9raux permettent d\u2019acc\u00e9der \u00e0 des programmes de recherche et de formation. Le fait que les accords contribuent \u00e0 la prosp\u00e9rit\u00e9 de la Suisse est \u00e9galement majoritairement consid\u00e9r\u00e9 comme exact, environ 68%.<\/p>\n\n\n\n<p>Les avis largement positifs c\u00f4toient cependant aussi beaucoup de scepticisme vis-\u00e0-vis de la bureaucratie europ\u00e9enne (74%). Les personnes interrog\u00e9es s\u2019inqui\u00e8tent aussi de la pression sur les salaires suisses exerc\u00e9e par la libre circulation des personnes (62%) ainsi que de la hausse des loyers et des prix de l\u2019immobilier (61%). En revanche, 30% seulement soutiennent l\u2019id\u00e9e que la Suisse n\u2019ait pas besoin des accords bilat\u00e9raux.<\/p>\n\n\n\n<p>Ren\u00e9 Buholzer, directeur d\u2019Interpharma, souligne:<\/p>\n\n\n\n<p><strong><em>\u00abLa voie bilat\u00e9rale est taill\u00e9e sur mesure par et pour la Suisse. La nouvelle enqu\u00eate sur l\u2019Europe montre clairement que la population soutient les accords bilat\u00e9raux III. Ce paquet signifie que la Suisse a les cartes en main pour r\u00e9gler les relations avec sa principale partenaire commerciale et renforcer la place \u00e9conomique et de recherche qu\u2019est notre pays.\u00bb <\/em><\/strong><strong><em><\/em><\/strong><\/p>\n\n\n\n<p>L\u2019attractivit\u00e9 de la place suisse d\u00e9pend tant des conditions nationales que de bonnes relations stables avec l\u2019UE. Le paquet n\u00e9goci\u00e9 assure la s\u00e9curit\u00e9 juridique et la pr\u00e9visibilit\u00e9 avec notre principale partenaire commerciale dans un contexte international o\u00f9 l\u2019incertitude est croissante. \u00c0 la politique de mettre en \u0153uvre \u00e0 pr\u00e9sent ces connaissances.<\/p>\n","protected":false},"excerpt":{"rendered":"<p>Pour la premi\u00e8re fois, l\u2019enqu\u00eate repr\u00e9sentative r\u00e9alis\u00e9e par gfs.bern sur mandat d\u2019Interpharma a interrog\u00e9 la population suisse sur ses intentions de vote sur le paquet d\u2019accords bilat\u00e9raux Suisse-UE. Le r\u00e9sultat est clair: si le r\u00e9f\u00e9rendum avait lieu aujourd\u2019hui, une majorit\u00e9 de plus de 60% mettrait dans l\u2019urne un oui \u00e0 la stabilisation des accords existants. [&hellip;]<\/p>\n","protected":false},"author":1,"featured_media":791,"comment_status":"closed","ping_status":"open","sticky":false,"template":"","format":"standard","meta":{"_acf_changed":false,"inline_featured_image":false,"footnotes":""},"tags":[122,130,131,145],"class_list":["post-11994","post","type-post","status-publish","format-standard","has-post-thumbnail","hentry","tag-communique-de-presse","tag-pharmastandort-2030-fr","tag-politique","tag-les-bilaterales"],"acf":[],"yoast_head":"<!-- This site is optimized with the Yoast SEO plugin v27.2 - https:\/\/yoast.com\/product\/yoast-seo-wordpress\/ -->\n<title>Communiqu\u00e9 de presse: Nouvelle enqu\u00eate sur l\u2019Europe 2025: les intentions de vote sur les accords bilat\u00e9raux III montrent une large majorit\u00e9 de \u00aboui\u00bb - Interpharma<\/title>\n<meta name=\"robots\" content=\"noindex, follow, max-snippet:-1, max-image-preview:large, max-video-preview:-1\" \/>\n<meta property=\"og:locale\" content=\"fr_FR\" \/>\n<meta property=\"og:type\" content=\"article\" \/>\n<meta property=\"og:title\" content=\"Communiqu\u00e9 de presse: Nouvelle enqu\u00eate sur l\u2019Europe 2025: les intentions de vote sur les accords bilat\u00e9raux III montrent une large majorit\u00e9 de \u00aboui\u00bb - Interpharma\" \/>\n<meta property=\"og:description\" content=\"Pour la premi\u00e8re fois, l\u2019enqu\u00eate repr\u00e9sentative r\u00e9alis\u00e9e par gfs.bern sur mandat d\u2019Interpharma a interrog\u00e9 la population suisse sur ses intentions de vote sur le paquet d\u2019accords bilat\u00e9raux Suisse-UE. Le r\u00e9sultat est clair: si le r\u00e9f\u00e9rendum avait lieu aujourd\u2019hui, une majorit\u00e9 de plus de 60% mettrait dans l\u2019urne un oui \u00e0 la stabilisation des accords existants. [&hellip;]\" \/>\n<meta property=\"og:url\" content=\"https:\/\/iph-multisite.berta-bewegt.ch\/fr\/blog\/communique-de-presse-nouvelle-enquete-sur-leurope-2025-les-intentions-de-vote-sur-les-accords-bilateraux-iii-montrent-une-large-majorite-de-oui\/\" \/>\n<meta property=\"og:site_name\" content=\"Interpharma\" \/>\n<meta property=\"article:published_time\" content=\"2025-09-10T05:00:00+00:00\" \/>\n<meta property=\"article:modified_time\" content=\"2026-03-03T09:24:48+00:00\" \/>\n<meta property=\"og:image\" content=\"https:\/\/iph-multisite.berta-bewegt.ch\/wp-content\/uploads\/2025\/09\/Screenshot-2025-09-09-105829.png\" \/>\n\t<meta property=\"og:image:width\" content=\"587\" \/>\n\t<meta property=\"og:image:height\" content=\"832\" \/>\n\t<meta property=\"og:image:type\" content=\"image\/png\" \/>\n<meta name=\"author\" content=\"berta_admin\" \/>\n<meta name=\"twitter:card\" content=\"summary_large_image\" \/>\n<meta name=\"twitter:label1\" content=\"\u00c9crit par\" \/>\n\t<meta name=\"twitter:data1\" content=\"berta_admin\" \/>\n\t<meta name=\"twitter:label2\" content=\"Dur\u00e9e de lecture estim\u00e9e\" \/>\n\t<meta name=\"twitter:data2\" content=\"3 minutes\" \/>\n<script type=\"application\/ld+json\" class=\"yoast-schema-graph\">{\"@context\":\"https:\/\/schema.org\",\"@graph\":[{\"@type\":\"Article\",\"@id\":\"https:\/\/iph-multisite.berta-bewegt.ch\/fr\/blog\/communique-de-presse-nouvelle-enquete-sur-leurope-2025-les-intentions-de-vote-sur-les-accords-bilateraux-iii-montrent-une-large-majorite-de-oui\/#article\",\"isPartOf\":{\"@id\":\"https:\/\/iph-multisite.berta-bewegt.ch\/fr\/blog\/communique-de-presse-nouvelle-enquete-sur-leurope-2025-les-intentions-de-vote-sur-les-accords-bilateraux-iii-montrent-une-large-majorite-de-oui\/\"},\"author\":{\"name\":\"berta_admin\",\"@id\":\"https:\/\/iph-multisite.berta-bewegt.ch\/#\/schema\/person\/749c3574947ecc016332eb58d91e45a3\"},\"headline\":\"Communiqu\u00e9 de presse: Nouvelle enqu\u00eate sur l\u2019Europe 2025: les intentions de vote sur les accords bilat\u00e9raux III montrent une large majorit\u00e9 de \u00aboui\u00bb\",\"datePublished\":\"2025-09-10T05:00:00+00:00\",\"dateModified\":\"2026-03-03T09:24:48+00:00\",\"mainEntityOfPage\":{\"@id\":\"https:\/\/iph-multisite.berta-bewegt.ch\/fr\/blog\/communique-de-presse-nouvelle-enquete-sur-leurope-2025-les-intentions-de-vote-sur-les-accords-bilateraux-iii-montrent-une-large-majorite-de-oui\/\"},\"wordCount\":703,\"image\":{\"@id\":\"https:\/\/iph-multisite.berta-bewegt.ch\/fr\/blog\/communique-de-presse-nouvelle-enquete-sur-leurope-2025-les-intentions-de-vote-sur-les-accords-bilateraux-iii-montrent-une-large-majorite-de-oui\/#primaryimage\"},\"thumbnailUrl\":\"https:\/\/iph-multisite.berta-bewegt.ch\/wp-content\/uploads\/2025\/09\/Screenshot-2025-09-09-105829.png\",\"keywords\":[\"Communiqu\u00e9 de presse\",\"Pharmastandort 2030\",\"Politique\",\"les bilat\u00e9rales\"],\"inLanguage\":\"fr-FR\",\"copyrightYear\":\"2025\",\"copyrightHolder\":{\"@id\":\"https:\/\/iph-multisite.berta-bewegt.ch\/#organization\"}},{\"@type\":\"WebPage\",\"@id\":\"https:\/\/iph-multisite.berta-bewegt.ch\/fr\/blog\/communique-de-presse-nouvelle-enquete-sur-leurope-2025-les-intentions-de-vote-sur-les-accords-bilateraux-iii-montrent-une-large-majorite-de-oui\/\",\"url\":\"https:\/\/iph-multisite.berta-bewegt.ch\/fr\/blog\/communique-de-presse-nouvelle-enquete-sur-leurope-2025-les-intentions-de-vote-sur-les-accords-bilateraux-iii-montrent-une-large-majorite-de-oui\/\",\"name\":\"Communiqu\u00e9 de presse: Nouvelle enqu\u00eate sur l\u2019Europe 2025: les intentions de vote sur les accords bilat\u00e9raux III montrent une large majorit\u00e9 de \u00aboui\u00bb - Interpharma\",\"isPartOf\":{\"@id\":\"https:\/\/iph-multisite.berta-bewegt.ch\/#website\"},\"primaryImageOfPage\":{\"@id\":\"https:\/\/iph-multisite.berta-bewegt.ch\/fr\/blog\/communique-de-presse-nouvelle-enquete-sur-leurope-2025-les-intentions-de-vote-sur-les-accords-bilateraux-iii-montrent-une-large-majorite-de-oui\/#primaryimage\"},\"image\":{\"@id\":\"https:\/\/iph-multisite.berta-bewegt.ch\/fr\/blog\/communique-de-presse-nouvelle-enquete-sur-leurope-2025-les-intentions-de-vote-sur-les-accords-bilateraux-iii-montrent-une-large-majorite-de-oui\/#primaryimage\"},\"thumbnailUrl\":\"https:\/\/iph-multisite.berta-bewegt.ch\/wp-content\/uploads\/2025\/09\/Screenshot-2025-09-09-105829.png\",\"datePublished\":\"2025-09-10T05:00:00+00:00\",\"dateModified\":\"2026-03-03T09:24:48+00:00\",\"author\":{\"@id\":\"https:\/\/iph-multisite.berta-bewegt.ch\/#\/schema\/person\/749c3574947ecc016332eb58d91e45a3\"},\"breadcrumb\":{\"@id\":\"https:\/\/iph-multisite.berta-bewegt.ch\/fr\/blog\/communique-de-presse-nouvelle-enquete-sur-leurope-2025-les-intentions-de-vote-sur-les-accords-bilateraux-iii-montrent-une-large-majorite-de-oui\/#breadcrumb\"},\"inLanguage\":\"fr-FR\",\"potentialAction\":[{\"@type\":\"ReadAction\",\"target\":[\"https:\/\/iph-multisite.berta-bewegt.ch\/fr\/blog\/communique-de-presse-nouvelle-enquete-sur-leurope-2025-les-intentions-de-vote-sur-les-accords-bilateraux-iii-montrent-une-large-majorite-de-oui\/\"]}]},{\"@type\":\"ImageObject\",\"inLanguage\":\"fr-FR\",\"@id\":\"https:\/\/iph-multisite.berta-bewegt.ch\/fr\/blog\/communique-de-presse-nouvelle-enquete-sur-leurope-2025-les-intentions-de-vote-sur-les-accords-bilateraux-iii-montrent-une-large-majorite-de-oui\/#primaryimage\",\"url\":\"https:\/\/iph-multisite.berta-bewegt.ch\/wp-content\/uploads\/2025\/09\/Screenshot-2025-09-09-105829.png\",\"contentUrl\":\"https:\/\/iph-multisite.berta-bewegt.ch\/wp-content\/uploads\/2025\/09\/Screenshot-2025-09-09-105829.png\",\"width\":587,\"height\":832},{\"@type\":\"BreadcrumbList\",\"@id\":\"https:\/\/iph-multisite.berta-bewegt.ch\/fr\/blog\/communique-de-presse-nouvelle-enquete-sur-leurope-2025-les-intentions-de-vote-sur-les-accords-bilateraux-iii-montrent-une-large-majorite-de-oui\/#breadcrumb\",\"itemListElement\":[{\"@type\":\"ListItem\",\"position\":1,\"name\":\"Startseite\",\"item\":\"https:\/\/iph-multisite.berta-bewegt.ch\/fr\/\"},{\"@type\":\"ListItem\",\"position\":2,\"name\":\"Communiqu\u00e9 de presse: Nouvelle enqu\u00eate sur l\u2019Europe 2025: les intentions de vote sur les accords bilat\u00e9raux III montrent une large majorit\u00e9 de \u00aboui\u00bb\"}]},{\"@type\":\"WebSite\",\"@id\":\"https:\/\/iph-multisite.berta-bewegt.ch\/#website\",\"url\":\"https:\/\/iph-multisite.berta-bewegt.ch\/\",\"name\":\"Interpharma\",\"description\":\"Verband der forschenden Pharmazeutischen Firmen\",\"potentialAction\":[{\"@type\":\"SearchAction\",\"target\":{\"@type\":\"EntryPoint\",\"urlTemplate\":\"https:\/\/iph-multisite.berta-bewegt.ch\/?s={search_term_string}\"},\"query-input\":{\"@type\":\"PropertyValueSpecification\",\"valueRequired\":true,\"valueName\":\"search_term_string\"}}],\"inLanguage\":\"fr-FR\"},{\"@type\":\"Person\",\"@id\":\"https:\/\/iph-multisite.berta-bewegt.ch\/#\/schema\/person\/749c3574947ecc016332eb58d91e45a3\",\"name\":\"berta_admin\",\"image\":{\"@type\":\"ImageObject\",\"inLanguage\":\"fr-FR\",\"@id\":\"https:\/\/secure.gravatar.com\/avatar\/a2aeb00900e30743ff2859dfc3dd11cf7e64bb4ec7a1f349ee3772658a1d087d?s=96&d=mm&r=g\",\"url\":\"https:\/\/secure.gravatar.com\/avatar\/a2aeb00900e30743ff2859dfc3dd11cf7e64bb4ec7a1f349ee3772658a1d087d?s=96&d=mm&r=g\",\"contentUrl\":\"https:\/\/secure.gravatar.com\/avatar\/a2aeb00900e30743ff2859dfc3dd11cf7e64bb4ec7a1f349ee3772658a1d087d?s=96&d=mm&r=g\",\"caption\":\"berta_admin\"},\"sameAs\":[\"https:\/\/iph-multisite.berta-bewegt.ch\"]}]}<\/script>\n<!-- \/ Yoast SEO plugin. -->","yoast_head_json":{"title":"Communiqu\u00e9 de presse: Nouvelle enqu\u00eate sur l\u2019Europe 2025: les intentions de vote sur les accords bilat\u00e9raux III montrent une large majorit\u00e9 de \u00aboui\u00bb - Interpharma","robots":{"index":"noindex","follow":"follow","max-snippet":"max-snippet:-1","max-image-preview":"max-image-preview:large","max-video-preview":"max-video-preview:-1"},"og_locale":"fr_FR","og_type":"article","og_title":"Communiqu\u00e9 de presse: Nouvelle enqu\u00eate sur l\u2019Europe 2025: les intentions de vote sur les accords bilat\u00e9raux III montrent une large majorit\u00e9 de \u00aboui\u00bb - Interpharma","og_description":"Pour la premi\u00e8re fois, l\u2019enqu\u00eate repr\u00e9sentative r\u00e9alis\u00e9e par gfs.bern sur mandat d\u2019Interpharma a interrog\u00e9 la population suisse sur ses intentions de vote sur le paquet d\u2019accords bilat\u00e9raux Suisse-UE. Le r\u00e9sultat est clair: si le r\u00e9f\u00e9rendum avait lieu aujourd\u2019hui, une majorit\u00e9 de plus de 60% mettrait dans l\u2019urne un oui \u00e0 la stabilisation des accords existants. [&hellip;]","og_url":"https:\/\/iph-multisite.berta-bewegt.ch\/fr\/blog\/communique-de-presse-nouvelle-enquete-sur-leurope-2025-les-intentions-de-vote-sur-les-accords-bilateraux-iii-montrent-une-large-majorite-de-oui\/","og_site_name":"Interpharma","article_published_time":"2025-09-10T05:00:00+00:00","article_modified_time":"2026-03-03T09:24:48+00:00","og_image":[{"width":587,"height":832,"url":"https:\/\/iph-multisite.berta-bewegt.ch\/wp-content\/uploads\/2025\/09\/Screenshot-2025-09-09-105829.png","type":"image\/png"}],"author":"berta_admin","twitter_card":"summary_large_image","twitter_misc":{"\u00c9crit par":"berta_admin","Dur\u00e9e de lecture estim\u00e9e":"3 minutes"},"schema":{"@context":"https:\/\/schema.org","@graph":[{"@type":"Article","@id":"https:\/\/iph-multisite.berta-bewegt.ch\/fr\/blog\/communique-de-presse-nouvelle-enquete-sur-leurope-2025-les-intentions-de-vote-sur-les-accords-bilateraux-iii-montrent-une-large-majorite-de-oui\/#article","isPartOf":{"@id":"https:\/\/iph-multisite.berta-bewegt.ch\/fr\/blog\/communique-de-presse-nouvelle-enquete-sur-leurope-2025-les-intentions-de-vote-sur-les-accords-bilateraux-iii-montrent-une-large-majorite-de-oui\/"},"author":{"name":"berta_admin","@id":"https:\/\/iph-multisite.berta-bewegt.ch\/#\/schema\/person\/749c3574947ecc016332eb58d91e45a3"},"headline":"Communiqu\u00e9 de presse: Nouvelle enqu\u00eate sur l\u2019Europe 2025: les intentions de vote sur les accords bilat\u00e9raux III montrent une large majorit\u00e9 de \u00aboui\u00bb","datePublished":"2025-09-10T05:00:00+00:00","dateModified":"2026-03-03T09:24:48+00:00","mainEntityOfPage":{"@id":"https:\/\/iph-multisite.berta-bewegt.ch\/fr\/blog\/communique-de-presse-nouvelle-enquete-sur-leurope-2025-les-intentions-de-vote-sur-les-accords-bilateraux-iii-montrent-une-large-majorite-de-oui\/"},"wordCount":703,"image":{"@id":"https:\/\/iph-multisite.berta-bewegt.ch\/fr\/blog\/communique-de-presse-nouvelle-enquete-sur-leurope-2025-les-intentions-de-vote-sur-les-accords-bilateraux-iii-montrent-une-large-majorite-de-oui\/#primaryimage"},"thumbnailUrl":"https:\/\/iph-multisite.berta-bewegt.ch\/wp-content\/uploads\/2025\/09\/Screenshot-2025-09-09-105829.png","keywords":["Communiqu\u00e9 de presse","Pharmastandort 2030","Politique","les bilat\u00e9rales"],"inLanguage":"fr-FR","copyrightYear":"2025","copyrightHolder":{"@id":"https:\/\/iph-multisite.berta-bewegt.ch\/#organization"}},{"@type":"WebPage","@id":"https:\/\/iph-multisite.berta-bewegt.ch\/fr\/blog\/communique-de-presse-nouvelle-enquete-sur-leurope-2025-les-intentions-de-vote-sur-les-accords-bilateraux-iii-montrent-une-large-majorite-de-oui\/","url":"https:\/\/iph-multisite.berta-bewegt.ch\/fr\/blog\/communique-de-presse-nouvelle-enquete-sur-leurope-2025-les-intentions-de-vote-sur-les-accords-bilateraux-iii-montrent-une-large-majorite-de-oui\/","name":"Communiqu\u00e9 de presse: Nouvelle enqu\u00eate sur l\u2019Europe 2025: les intentions de vote sur les accords bilat\u00e9raux III montrent une large majorit\u00e9 de \u00aboui\u00bb - Interpharma","isPartOf":{"@id":"https:\/\/iph-multisite.berta-bewegt.ch\/#website"},"primaryImageOfPage":{"@id":"https:\/\/iph-multisite.berta-bewegt.ch\/fr\/blog\/communique-de-presse-nouvelle-enquete-sur-leurope-2025-les-intentions-de-vote-sur-les-accords-bilateraux-iii-montrent-une-large-majorite-de-oui\/#primaryimage"},"image":{"@id":"https:\/\/iph-multisite.berta-bewegt.ch\/fr\/blog\/communique-de-presse-nouvelle-enquete-sur-leurope-2025-les-intentions-de-vote-sur-les-accords-bilateraux-iii-montrent-une-large-majorite-de-oui\/#primaryimage"},"thumbnailUrl":"https:\/\/iph-multisite.berta-bewegt.ch\/wp-content\/uploads\/2025\/09\/Screenshot-2025-09-09-105829.png","datePublished":"2025-09-10T05:00:00+00:00","dateModified":"2026-03-03T09:24:48+00:00","author":{"@id":"https:\/\/iph-multisite.berta-bewegt.ch\/#\/schema\/person\/749c3574947ecc016332eb58d91e45a3"},"breadcrumb":{"@id":"https:\/\/iph-multisite.berta-bewegt.ch\/fr\/blog\/communique-de-presse-nouvelle-enquete-sur-leurope-2025-les-intentions-de-vote-sur-les-accords-bilateraux-iii-montrent-une-large-majorite-de-oui\/#breadcrumb"},"inLanguage":"fr-FR","potentialAction":[{"@type":"ReadAction","target":["https:\/\/iph-multisite.berta-bewegt.ch\/fr\/blog\/communique-de-presse-nouvelle-enquete-sur-leurope-2025-les-intentions-de-vote-sur-les-accords-bilateraux-iii-montrent-une-large-majorite-de-oui\/"]}]},{"@type":"ImageObject","inLanguage":"fr-FR","@id":"https:\/\/iph-multisite.berta-bewegt.ch\/fr\/blog\/communique-de-presse-nouvelle-enquete-sur-leurope-2025-les-intentions-de-vote-sur-les-accords-bilateraux-iii-montrent-une-large-majorite-de-oui\/#primaryimage","url":"https:\/\/iph-multisite.berta-bewegt.ch\/wp-content\/uploads\/2025\/09\/Screenshot-2025-09-09-105829.png","contentUrl":"https:\/\/iph-multisite.berta-bewegt.ch\/wp-content\/uploads\/2025\/09\/Screenshot-2025-09-09-105829.png","width":587,"height":832},{"@type":"BreadcrumbList","@id":"https:\/\/iph-multisite.berta-bewegt.ch\/fr\/blog\/communique-de-presse-nouvelle-enquete-sur-leurope-2025-les-intentions-de-vote-sur-les-accords-bilateraux-iii-montrent-une-large-majorite-de-oui\/#breadcrumb","itemListElement":[{"@type":"ListItem","position":1,"name":"Startseite","item":"https:\/\/iph-multisite.berta-bewegt.ch\/fr\/"},{"@type":"ListItem","position":2,"name":"Communiqu\u00e9 de presse: Nouvelle enqu\u00eate sur l\u2019Europe 2025: les intentions de vote sur les accords bilat\u00e9raux III montrent une large majorit\u00e9 de \u00aboui\u00bb"}]},{"@type":"WebSite","@id":"https:\/\/iph-multisite.berta-bewegt.ch\/#website","url":"https:\/\/iph-multisite.berta-bewegt.ch\/","name":"Interpharma","description":"Verband der forschenden Pharmazeutischen Firmen","potentialAction":[{"@type":"SearchAction","target":{"@type":"EntryPoint","urlTemplate":"https:\/\/iph-multisite.berta-bewegt.ch\/?s={search_term_string}"},"query-input":{"@type":"PropertyValueSpecification","valueRequired":true,"valueName":"search_term_string"}}],"inLanguage":"fr-FR"},{"@type":"Person","@id":"https:\/\/iph-multisite.berta-bewegt.ch\/#\/schema\/person\/749c3574947ecc016332eb58d91e45a3","name":"berta_admin","image":{"@type":"ImageObject","inLanguage":"fr-FR","@id":"https:\/\/secure.gravatar.com\/avatar\/a2aeb00900e30743ff2859dfc3dd11cf7e64bb4ec7a1f349ee3772658a1d087d?s=96&d=mm&r=g","url":"https:\/\/secure.gravatar.com\/avatar\/a2aeb00900e30743ff2859dfc3dd11cf7e64bb4ec7a1f349ee3772658a1d087d?s=96&d=mm&r=g","contentUrl":"https:\/\/secure.gravatar.com\/avatar\/a2aeb00900e30743ff2859dfc3dd11cf7e64bb4ec7a1f349ee3772658a1d087d?s=96&d=mm&r=g","caption":"berta_admin"},"sameAs":["https:\/\/iph-multisite.berta-bewegt.ch"]}]}},"_links":{"self":[{"href":"https:\/\/iph-multisite.berta-bewegt.ch\/fr\/wp-json\/wp\/v2\/posts\/11994","targetHints":{"allow":["GET"]}}],"collection":[{"href":"https:\/\/iph-multisite.berta-bewegt.ch\/fr\/wp-json\/wp\/v2\/posts"}],"about":[{"href":"https:\/\/iph-multisite.berta-bewegt.ch\/fr\/wp-json\/wp\/v2\/types\/post"}],"author":[{"embeddable":true,"href":"https:\/\/iph-multisite.berta-bewegt.ch\/fr\/wp-json\/wp\/v2\/users\/1"}],"replies":[{"embeddable":true,"href":"https:\/\/iph-multisite.berta-bewegt.ch\/fr\/wp-json\/wp\/v2\/comments?post=11994"}],"version-history":[{"count":1,"href":"https:\/\/iph-multisite.berta-bewegt.ch\/fr\/wp-json\/wp\/v2\/posts\/11994\/revisions"}],"predecessor-version":[{"id":11995,"href":"https:\/\/iph-multisite.berta-bewegt.ch\/fr\/wp-json\/wp\/v2\/posts\/11994\/revisions\/11995"}],"wp:featuredmedia":[{"embeddable":true,"href":"https:\/\/iph-multisite.berta-bewegt.ch\/fr\/wp-json\/wp\/v2\/media\/791"}],"wp:attachment":[{"href":"https:\/\/iph-multisite.berta-bewegt.ch\/fr\/wp-json\/wp\/v2\/media?parent=11994"}],"wp:term":[{"taxonomy":"post_tag","embeddable":true,"href":"https:\/\/iph-multisite.berta-bewegt.ch\/fr\/wp-json\/wp\/v2\/tags?post=11994"}],"curies":[{"name":"wp","href":"https:\/\/api.w.org\/{rel}","templated":true}]}}