{"id":12036,"date":"2025-06-18T09:30:00","date_gmt":"2025-06-18T07:30:00","guid":{"rendered":"https:\/\/iph-multisite.berta-bewegt.ch\/?p=12036"},"modified":"2026-03-03T10:25:59","modified_gmt":"2026-03-03T09:25:59","slug":"communique-de-presse-acces-aux-nouveaux-medicaments-la-suisse-continue-de-perdre-du-terrain-la-prise-en-charge-des-patient-e-s-et-la-place-suisse-sont-en-danger","status":"publish","type":"post","link":"https:\/\/iph-multisite.berta-bewegt.ch\/fr\/blog\/communique-de-presse-acces-aux-nouveaux-medicaments-la-suisse-continue-de-perdre-du-terrain-la-prise-en-charge-des-patient-e-s-et-la-place-suisse-sont-en-danger\/","title":{"rendered":"Communiqu\u00e9 de presse: Acc\u00e8s aux nouveaux m\u00e9dicaments: la Suisse continue de perdre du terrain, la prise en charge des patient-e-s et la place suisse sont en danger"},"content":{"rendered":"\n<p class=\"is-style-paragraph-lead-text\"><strong>En comparaison europ\u00e9enne, la Suisse continue de perdre du terrain en mati\u00e8re d\u2019acc\u00e8s aux nouveaux m\u00e9dicaments innovants: d\u2019apr\u00e8s le \u00abWAIT Indicator\u00bb 2024 de l\u2019EFPIA \u00e9tabli par IQVIA, la Suisse recule d\u2019un cran, passant de la sixi\u00e8me \u00e0 la septi\u00e8me place. Un point particuli\u00e8rement alarmant est le fait qu\u2019\u00e0 peine plus de la moiti\u00e9 des nouveaux m\u00e9dicaments innovants largement disponibles en Allemagne le sont aussi en Suisse via la liste des sp\u00e9cialit\u00e9s et que la tendance est \u00e0 la baisse.<\/strong><strong><\/strong><\/p>\n\n\n\n<p>\u00abSur les nouveaux m\u00e9dicaments innovants autoris\u00e9s entre 2020 et 2023 par la European Medicines Agency (EMA), en comparaison avec l\u2019Allemagne, 52% seulement sont pris en charge en Suisse via la liste des sp\u00e9cialit\u00e9s et donc accessibles \u00e0 \u00e9galit\u00e9 pour tous les patients et patientes\u00bb, r\u00e9sume Meikel Ens, auteur de l\u2019\u00e9tude \u00e0 l\u2019IQVIA. L\u2019oncologie est particuli\u00e8rement affect\u00e9e: dans ce domaine, la Suisse a chut\u00e9 de la deuxi\u00e8me \u00e0 la cinqui\u00e8me place. Sur dix nouveaux m\u00e9dicaments anticanc\u00e9reux disponibles en Allemagne, six seulement sont largement accessibles aux patient-e-s de Suisse. La prise en charge des maladies rares est encore pire: par rapport \u00e0 l\u2019Allemagne, environ un tiers seulement des m\u00e9dicaments dits orphelins sont rembours\u00e9s en Suisse.<\/p>\n\n\n\n<h2 class=\"wp-block-heading\" id=\"h-temps-de-reflexion-au-lieu-de-nouvelle-reduction-assurer-la-prise-en-charge\"><strong>Temps de r\u00e9flexion au lieu de nouvelle r\u00e9duction: assurer la prise en charge<\/strong><strong><\/strong><\/h2>\n\n\n\n<p>\u00abLa Suisse doit assurer la prise en charge de sa population par des m\u00e9dicaments innovants et vitaux\u00bb, insiste Ren\u00e9 Buholzer, directeur d\u2019Interpharma: \u00abDans le contexte g\u00e9opolitique actuel et en particulier vu ce qui se passe aux \u00c9tats-Unis, ce dont nous avons besoin est un temps de r\u00e9flexion avant mise en \u0153uvre des projets de r\u00e9glementation et une modernisation globale du syst\u00e8me de fixation des prix.\u00bb Le syst\u00e8me de fixation des prix des m\u00e9dicaments est obsol\u00e8te et ne correspond plus \u00e0 la situation actuelle: il cr\u00e9e des incitations inopportunes, allonge le processus de prise en charge et met en danger l\u2019acc\u00e8s des patient-e-s. Sabine Bruckner, directrice g\u00e9n\u00e9rale de Pfizer Suisse et pr\u00e9sidente du comit\u00e9 march\u00e9 d\u2019Interpharma ajoute: \u00abIl est plus que temps de cr\u00e9er un syst\u00e8me moderne aux r\u00e8gles claires. Les propositions de l\u2019industrie sont sur la table depuis longtemps.\u00bb \u00c0 d\u00e9faut de r\u00e9formes, le petit march\u00e9 suisse va continuer de perdre en attractivit\u00e9, ce qui met en danger la prise en charge des patient-e-s.<\/p>\n\n\n\n<h2 class=\"wp-block-heading\" id=\"h-strategie-pour-la-place-suisse\"><strong>Strat\u00e9gie pour la place suisse<\/strong><strong><\/strong><\/h2>\n\n\n\n<p>Pour maintenir la comp\u00e9titivit\u00e9 internationale de la place pharmaceutique suisse, il faut en outre, \u00e0 moyen terme, une strat\u00e9gie coh\u00e9rente et globale. \u00abLa Suisse est encore en pointe dans le domaine recherche et d\u00e9veloppement, mais faute d\u2019orientation strat\u00e9gique, elle risque de perdre insidieusement en attractivit\u00e9\u00bb, avertit Ren\u00e9 Buholzer. Quelques \u00e9l\u00e9ments n\u00e9cessaires:<\/p>\n\n\n\n<ul class=\"wp-block-list\">\n<li><strong>Renforcement de la recherche clinique<\/strong>, par exemple \u00e0 l\u2019aide d\u2019un processus \u00abfast track\u00bb pour les autorisations de mise sur le march\u00e9<\/li>\n\n\n\n<li>Mise en place d\u2019un <strong>\u00e9cosyst\u00e8me de donn\u00e9es de sant\u00e9<\/strong> op\u00e9rationnel<\/li>\n\n\n\n<li>Sauvegarde de l\u2019<strong>acc\u00e8s aux march\u00e9s et professionnel-le-s sp\u00e9cialis\u00e9-e-s internationaux<\/strong>, y compris relations bilat\u00e9rales avec l\u2019UE<\/li>\n<\/ul>\n\n\n\n<p>De nombreux pays voisins et grands espaces \u00e9conomiques ont d\u00e9j\u00e0 \u00e9labor\u00e9, voire mis en \u0153uvre de telles strat\u00e9gies pour les sciences de la vie, entre autres l\u2019UE et l\u2019Allemagne. D\u00e8s 2019, Interpharma avait pr\u00e9sent\u00e9 les grandes lignes d\u2019une strat\u00e9gie de ce type. Nous appelons le Conseil f\u00e9d\u00e9ral \u00e0 adopter une strat\u00e9gie de nature \u00e0 renforcer la place de recherche et de production pharmaceutique qu\u2019est la Suisse.<\/p>\n\n\n\n<p>Un \u00e9l\u00e9ment positif est que, pour nombre de ces mesures, la Suisse a les cartes en mains: en agissant \u00e0 pr\u00e9sent avec d\u00e9termination, elle peut combler les lacunes de prise en charge, booster la force d\u2019innovation et assurer l\u2019avenir de son syst\u00e8me de sant\u00e9.<\/p>\n","protected":false},"excerpt":{"rendered":"<p>En comparaison europ\u00e9enne, la Suisse continue de perdre du terrain en mati\u00e8re d\u2019acc\u00e8s aux nouveaux m\u00e9dicaments innovants: d\u2019apr\u00e8s le \u00abWAIT Indicator\u00bb 2024 de l\u2019EFPIA \u00e9tabli par IQVIA, la Suisse recule d\u2019un cran, passant de la sixi\u00e8me \u00e0 la septi\u00e8me place. Un point particuli\u00e8rement alarmant est le fait qu\u2019\u00e0 peine plus de la moiti\u00e9 des nouveaux [&hellip;]<\/p>\n","protected":false},"author":1,"featured_media":1962,"comment_status":"closed","ping_status":"open","sticky":false,"template":"","format":"standard","meta":{"_acf_changed":false,"inline_featured_image":false,"footnotes":""},"tags":[54,122,127],"class_list":["post-12036","post","type-post","status-publish","format-standard","has-post-thumbnail","hentry","tag-medien-fr","tag-communique-de-presse","tag-acces-des-patients"],"acf":[],"yoast_head":"<!-- This site is optimized with the Yoast SEO plugin v27.2 - https:\/\/yoast.com\/product\/yoast-seo-wordpress\/ -->\n<title>Communiqu\u00e9 de presse: Acc\u00e8s aux nouveaux m\u00e9dicaments: la Suisse continue de perdre du terrain, la prise en charge des patient-e-s et la place suisse sont en danger - Interpharma<\/title>\n<meta name=\"robots\" content=\"noindex, follow, max-snippet:-1, max-image-preview:large, max-video-preview:-1\" \/>\n<meta property=\"og:locale\" content=\"fr_FR\" \/>\n<meta property=\"og:type\" content=\"article\" \/>\n<meta property=\"og:title\" content=\"Communiqu\u00e9 de presse: Acc\u00e8s aux nouveaux m\u00e9dicaments: la Suisse continue de perdre du terrain, la prise en charge des patient-e-s et la place suisse sont en danger - Interpharma\" \/>\n<meta property=\"og:description\" content=\"En comparaison europ\u00e9enne, la Suisse continue de perdre du terrain en mati\u00e8re d\u2019acc\u00e8s aux nouveaux m\u00e9dicaments innovants: d\u2019apr\u00e8s le \u00abWAIT Indicator\u00bb 2024 de l\u2019EFPIA \u00e9tabli par IQVIA, la Suisse recule d\u2019un cran, passant de la sixi\u00e8me \u00e0 la septi\u00e8me place. Un point particuli\u00e8rement alarmant est le fait qu\u2019\u00e0 peine plus de la moiti\u00e9 des nouveaux [&hellip;]\" \/>\n<meta property=\"og:url\" content=\"https:\/\/iph-multisite.berta-bewegt.ch\/fr\/blog\/communique-de-presse-acces-aux-nouveaux-medicaments-la-suisse-continue-de-perdre-du-terrain-la-prise-en-charge-des-patient-e-s-et-la-place-suisse-sont-en-danger\/\" \/>\n<meta property=\"og:site_name\" content=\"Interpharma\" \/>\n<meta property=\"article:published_time\" content=\"2025-06-18T07:30:00+00:00\" \/>\n<meta property=\"article:modified_time\" content=\"2026-03-03T09:25:59+00:00\" \/>\n<meta property=\"og:image\" content=\"https:\/\/iph-multisite.berta-bewegt.ch\/wp-content\/uploads\/2021\/02\/iStock-1064859060-scaled.jpg\" \/>\n\t<meta property=\"og:image:width\" content=\"2560\" \/>\n\t<meta property=\"og:image:height\" content=\"1655\" \/>\n\t<meta property=\"og:image:type\" content=\"image\/jpeg\" \/>\n<meta name=\"author\" content=\"berta_admin\" \/>\n<meta name=\"twitter:card\" content=\"summary_large_image\" \/>\n<meta name=\"twitter:label1\" content=\"\u00c9crit par\" \/>\n\t<meta name=\"twitter:data1\" content=\"berta_admin\" \/>\n\t<meta name=\"twitter:label2\" content=\"Dur\u00e9e de lecture estim\u00e9e\" \/>\n\t<meta name=\"twitter:data2\" content=\"3 minutes\" \/>\n<script type=\"application\/ld+json\" class=\"yoast-schema-graph\">{\"@context\":\"https:\/\/schema.org\",\"@graph\":[{\"@type\":\"Article\",\"@id\":\"https:\/\/iph-multisite.berta-bewegt.ch\/fr\/blog\/communique-de-presse-acces-aux-nouveaux-medicaments-la-suisse-continue-de-perdre-du-terrain-la-prise-en-charge-des-patient-e-s-et-la-place-suisse-sont-en-danger\/#article\",\"isPartOf\":{\"@id\":\"https:\/\/iph-multisite.berta-bewegt.ch\/fr\/blog\/communique-de-presse-acces-aux-nouveaux-medicaments-la-suisse-continue-de-perdre-du-terrain-la-prise-en-charge-des-patient-e-s-et-la-place-suisse-sont-en-danger\/\"},\"author\":{\"name\":\"berta_admin\",\"@id\":\"https:\/\/iph-multisite.berta-bewegt.ch\/#\/schema\/person\/749c3574947ecc016332eb58d91e45a3\"},\"headline\":\"Communiqu\u00e9 de presse: Acc\u00e8s aux nouveaux m\u00e9dicaments: la Suisse continue de perdre du terrain, la prise en charge des patient-e-s et la place suisse sont en danger\",\"datePublished\":\"2025-06-18T07:30:00+00:00\",\"dateModified\":\"2026-03-03T09:25:59+00:00\",\"mainEntityOfPage\":{\"@id\":\"https:\/\/iph-multisite.berta-bewegt.ch\/fr\/blog\/communique-de-presse-acces-aux-nouveaux-medicaments-la-suisse-continue-de-perdre-du-terrain-la-prise-en-charge-des-patient-e-s-et-la-place-suisse-sont-en-danger\/\"},\"wordCount\":689,\"image\":{\"@id\":\"https:\/\/iph-multisite.berta-bewegt.ch\/fr\/blog\/communique-de-presse-acces-aux-nouveaux-medicaments-la-suisse-continue-de-perdre-du-terrain-la-prise-en-charge-des-patient-e-s-et-la-place-suisse-sont-en-danger\/#primaryimage\"},\"thumbnailUrl\":\"https:\/\/iph-multisite.berta-bewegt.ch\/wp-content\/uploads\/2021\/02\/iStock-1064859060-scaled.jpg\",\"keywords\":[\"M\u00e9dias\",\"Communiqu\u00e9 de presse\",\"Acc\u00e8s des patients\"],\"inLanguage\":\"fr-FR\",\"copyrightYear\":\"2025\",\"copyrightHolder\":{\"@id\":\"https:\/\/iph-multisite.berta-bewegt.ch\/#organization\"}},{\"@type\":\"WebPage\",\"@id\":\"https:\/\/iph-multisite.berta-bewegt.ch\/fr\/blog\/communique-de-presse-acces-aux-nouveaux-medicaments-la-suisse-continue-de-perdre-du-terrain-la-prise-en-charge-des-patient-e-s-et-la-place-suisse-sont-en-danger\/\",\"url\":\"https:\/\/iph-multisite.berta-bewegt.ch\/fr\/blog\/communique-de-presse-acces-aux-nouveaux-medicaments-la-suisse-continue-de-perdre-du-terrain-la-prise-en-charge-des-patient-e-s-et-la-place-suisse-sont-en-danger\/\",\"name\":\"Communiqu\u00e9 de presse: Acc\u00e8s aux nouveaux m\u00e9dicaments: la Suisse continue de perdre du terrain, la prise en charge des patient-e-s et la place suisse sont en danger - Interpharma\",\"isPartOf\":{\"@id\":\"https:\/\/iph-multisite.berta-bewegt.ch\/#website\"},\"primaryImageOfPage\":{\"@id\":\"https:\/\/iph-multisite.berta-bewegt.ch\/fr\/blog\/communique-de-presse-acces-aux-nouveaux-medicaments-la-suisse-continue-de-perdre-du-terrain-la-prise-en-charge-des-patient-e-s-et-la-place-suisse-sont-en-danger\/#primaryimage\"},\"image\":{\"@id\":\"https:\/\/iph-multisite.berta-bewegt.ch\/fr\/blog\/communique-de-presse-acces-aux-nouveaux-medicaments-la-suisse-continue-de-perdre-du-terrain-la-prise-en-charge-des-patient-e-s-et-la-place-suisse-sont-en-danger\/#primaryimage\"},\"thumbnailUrl\":\"https:\/\/iph-multisite.berta-bewegt.ch\/wp-content\/uploads\/2021\/02\/iStock-1064859060-scaled.jpg\",\"datePublished\":\"2025-06-18T07:30:00+00:00\",\"dateModified\":\"2026-03-03T09:25:59+00:00\",\"author\":{\"@id\":\"https:\/\/iph-multisite.berta-bewegt.ch\/#\/schema\/person\/749c3574947ecc016332eb58d91e45a3\"},\"breadcrumb\":{\"@id\":\"https:\/\/iph-multisite.berta-bewegt.ch\/fr\/blog\/communique-de-presse-acces-aux-nouveaux-medicaments-la-suisse-continue-de-perdre-du-terrain-la-prise-en-charge-des-patient-e-s-et-la-place-suisse-sont-en-danger\/#breadcrumb\"},\"inLanguage\":\"fr-FR\",\"potentialAction\":[{\"@type\":\"ReadAction\",\"target\":[\"https:\/\/iph-multisite.berta-bewegt.ch\/fr\/blog\/communique-de-presse-acces-aux-nouveaux-medicaments-la-suisse-continue-de-perdre-du-terrain-la-prise-en-charge-des-patient-e-s-et-la-place-suisse-sont-en-danger\/\"]}]},{\"@type\":\"ImageObject\",\"inLanguage\":\"fr-FR\",\"@id\":\"https:\/\/iph-multisite.berta-bewegt.ch\/fr\/blog\/communique-de-presse-acces-aux-nouveaux-medicaments-la-suisse-continue-de-perdre-du-terrain-la-prise-en-charge-des-patient-e-s-et-la-place-suisse-sont-en-danger\/#primaryimage\",\"url\":\"https:\/\/iph-multisite.berta-bewegt.ch\/wp-content\/uploads\/2021\/02\/iStock-1064859060-scaled.jpg\",\"contentUrl\":\"https:\/\/iph-multisite.berta-bewegt.ch\/wp-content\/uploads\/2021\/02\/iStock-1064859060-scaled.jpg\",\"width\":2560,\"height\":1655},{\"@type\":\"BreadcrumbList\",\"@id\":\"https:\/\/iph-multisite.berta-bewegt.ch\/fr\/blog\/communique-de-presse-acces-aux-nouveaux-medicaments-la-suisse-continue-de-perdre-du-terrain-la-prise-en-charge-des-patient-e-s-et-la-place-suisse-sont-en-danger\/#breadcrumb\",\"itemListElement\":[{\"@type\":\"ListItem\",\"position\":1,\"name\":\"Startseite\",\"item\":\"https:\/\/iph-multisite.berta-bewegt.ch\/fr\/\"},{\"@type\":\"ListItem\",\"position\":2,\"name\":\"Communiqu\u00e9 de presse: Acc\u00e8s aux nouveaux m\u00e9dicaments: la Suisse continue de perdre du terrain, la prise en charge des patient-e-s et la place suisse sont en danger\"}]},{\"@type\":\"WebSite\",\"@id\":\"https:\/\/iph-multisite.berta-bewegt.ch\/#website\",\"url\":\"https:\/\/iph-multisite.berta-bewegt.ch\/\",\"name\":\"Interpharma\",\"description\":\"Verband der forschenden Pharmazeutischen Firmen\",\"potentialAction\":[{\"@type\":\"SearchAction\",\"target\":{\"@type\":\"EntryPoint\",\"urlTemplate\":\"https:\/\/iph-multisite.berta-bewegt.ch\/?s={search_term_string}\"},\"query-input\":{\"@type\":\"PropertyValueSpecification\",\"valueRequired\":true,\"valueName\":\"search_term_string\"}}],\"inLanguage\":\"fr-FR\"},{\"@type\":\"Person\",\"@id\":\"https:\/\/iph-multisite.berta-bewegt.ch\/#\/schema\/person\/749c3574947ecc016332eb58d91e45a3\",\"name\":\"berta_admin\",\"image\":{\"@type\":\"ImageObject\",\"inLanguage\":\"fr-FR\",\"@id\":\"https:\/\/secure.gravatar.com\/avatar\/a2aeb00900e30743ff2859dfc3dd11cf7e64bb4ec7a1f349ee3772658a1d087d?s=96&d=mm&r=g\",\"url\":\"https:\/\/secure.gravatar.com\/avatar\/a2aeb00900e30743ff2859dfc3dd11cf7e64bb4ec7a1f349ee3772658a1d087d?s=96&d=mm&r=g\",\"contentUrl\":\"https:\/\/secure.gravatar.com\/avatar\/a2aeb00900e30743ff2859dfc3dd11cf7e64bb4ec7a1f349ee3772658a1d087d?s=96&d=mm&r=g\",\"caption\":\"berta_admin\"},\"sameAs\":[\"https:\/\/iph-multisite.berta-bewegt.ch\"]}]}<\/script>\n<!-- \/ Yoast SEO plugin. -->","yoast_head_json":{"title":"Communiqu\u00e9 de presse: Acc\u00e8s aux nouveaux m\u00e9dicaments: la Suisse continue de perdre du terrain, la prise en charge des patient-e-s et la place suisse sont en danger - Interpharma","robots":{"index":"noindex","follow":"follow","max-snippet":"max-snippet:-1","max-image-preview":"max-image-preview:large","max-video-preview":"max-video-preview:-1"},"og_locale":"fr_FR","og_type":"article","og_title":"Communiqu\u00e9 de presse: Acc\u00e8s aux nouveaux m\u00e9dicaments: la Suisse continue de perdre du terrain, la prise en charge des patient-e-s et la place suisse sont en danger - Interpharma","og_description":"En comparaison europ\u00e9enne, la Suisse continue de perdre du terrain en mati\u00e8re d\u2019acc\u00e8s aux nouveaux m\u00e9dicaments innovants: d\u2019apr\u00e8s le \u00abWAIT Indicator\u00bb 2024 de l\u2019EFPIA \u00e9tabli par IQVIA, la Suisse recule d\u2019un cran, passant de la sixi\u00e8me \u00e0 la septi\u00e8me place. Un point particuli\u00e8rement alarmant est le fait qu\u2019\u00e0 peine plus de la moiti\u00e9 des nouveaux [&hellip;]","og_url":"https:\/\/iph-multisite.berta-bewegt.ch\/fr\/blog\/communique-de-presse-acces-aux-nouveaux-medicaments-la-suisse-continue-de-perdre-du-terrain-la-prise-en-charge-des-patient-e-s-et-la-place-suisse-sont-en-danger\/","og_site_name":"Interpharma","article_published_time":"2025-06-18T07:30:00+00:00","article_modified_time":"2026-03-03T09:25:59+00:00","og_image":[{"width":2560,"height":1655,"url":"https:\/\/iph-multisite.berta-bewegt.ch\/wp-content\/uploads\/2021\/02\/iStock-1064859060-scaled.jpg","type":"image\/jpeg"}],"author":"berta_admin","twitter_card":"summary_large_image","twitter_misc":{"\u00c9crit par":"berta_admin","Dur\u00e9e de lecture estim\u00e9e":"3 minutes"},"schema":{"@context":"https:\/\/schema.org","@graph":[{"@type":"Article","@id":"https:\/\/iph-multisite.berta-bewegt.ch\/fr\/blog\/communique-de-presse-acces-aux-nouveaux-medicaments-la-suisse-continue-de-perdre-du-terrain-la-prise-en-charge-des-patient-e-s-et-la-place-suisse-sont-en-danger\/#article","isPartOf":{"@id":"https:\/\/iph-multisite.berta-bewegt.ch\/fr\/blog\/communique-de-presse-acces-aux-nouveaux-medicaments-la-suisse-continue-de-perdre-du-terrain-la-prise-en-charge-des-patient-e-s-et-la-place-suisse-sont-en-danger\/"},"author":{"name":"berta_admin","@id":"https:\/\/iph-multisite.berta-bewegt.ch\/#\/schema\/person\/749c3574947ecc016332eb58d91e45a3"},"headline":"Communiqu\u00e9 de presse: Acc\u00e8s aux nouveaux m\u00e9dicaments: la Suisse continue de perdre du terrain, la prise en charge des patient-e-s et la place suisse sont en danger","datePublished":"2025-06-18T07:30:00+00:00","dateModified":"2026-03-03T09:25:59+00:00","mainEntityOfPage":{"@id":"https:\/\/iph-multisite.berta-bewegt.ch\/fr\/blog\/communique-de-presse-acces-aux-nouveaux-medicaments-la-suisse-continue-de-perdre-du-terrain-la-prise-en-charge-des-patient-e-s-et-la-place-suisse-sont-en-danger\/"},"wordCount":689,"image":{"@id":"https:\/\/iph-multisite.berta-bewegt.ch\/fr\/blog\/communique-de-presse-acces-aux-nouveaux-medicaments-la-suisse-continue-de-perdre-du-terrain-la-prise-en-charge-des-patient-e-s-et-la-place-suisse-sont-en-danger\/#primaryimage"},"thumbnailUrl":"https:\/\/iph-multisite.berta-bewegt.ch\/wp-content\/uploads\/2021\/02\/iStock-1064859060-scaled.jpg","keywords":["M\u00e9dias","Communiqu\u00e9 de presse","Acc\u00e8s des patients"],"inLanguage":"fr-FR","copyrightYear":"2025","copyrightHolder":{"@id":"https:\/\/iph-multisite.berta-bewegt.ch\/#organization"}},{"@type":"WebPage","@id":"https:\/\/iph-multisite.berta-bewegt.ch\/fr\/blog\/communique-de-presse-acces-aux-nouveaux-medicaments-la-suisse-continue-de-perdre-du-terrain-la-prise-en-charge-des-patient-e-s-et-la-place-suisse-sont-en-danger\/","url":"https:\/\/iph-multisite.berta-bewegt.ch\/fr\/blog\/communique-de-presse-acces-aux-nouveaux-medicaments-la-suisse-continue-de-perdre-du-terrain-la-prise-en-charge-des-patient-e-s-et-la-place-suisse-sont-en-danger\/","name":"Communiqu\u00e9 de presse: Acc\u00e8s aux nouveaux m\u00e9dicaments: la Suisse continue de perdre du terrain, la prise en charge des patient-e-s et la place suisse sont en danger - Interpharma","isPartOf":{"@id":"https:\/\/iph-multisite.berta-bewegt.ch\/#website"},"primaryImageOfPage":{"@id":"https:\/\/iph-multisite.berta-bewegt.ch\/fr\/blog\/communique-de-presse-acces-aux-nouveaux-medicaments-la-suisse-continue-de-perdre-du-terrain-la-prise-en-charge-des-patient-e-s-et-la-place-suisse-sont-en-danger\/#primaryimage"},"image":{"@id":"https:\/\/iph-multisite.berta-bewegt.ch\/fr\/blog\/communique-de-presse-acces-aux-nouveaux-medicaments-la-suisse-continue-de-perdre-du-terrain-la-prise-en-charge-des-patient-e-s-et-la-place-suisse-sont-en-danger\/#primaryimage"},"thumbnailUrl":"https:\/\/iph-multisite.berta-bewegt.ch\/wp-content\/uploads\/2021\/02\/iStock-1064859060-scaled.jpg","datePublished":"2025-06-18T07:30:00+00:00","dateModified":"2026-03-03T09:25:59+00:00","author":{"@id":"https:\/\/iph-multisite.berta-bewegt.ch\/#\/schema\/person\/749c3574947ecc016332eb58d91e45a3"},"breadcrumb":{"@id":"https:\/\/iph-multisite.berta-bewegt.ch\/fr\/blog\/communique-de-presse-acces-aux-nouveaux-medicaments-la-suisse-continue-de-perdre-du-terrain-la-prise-en-charge-des-patient-e-s-et-la-place-suisse-sont-en-danger\/#breadcrumb"},"inLanguage":"fr-FR","potentialAction":[{"@type":"ReadAction","target":["https:\/\/iph-multisite.berta-bewegt.ch\/fr\/blog\/communique-de-presse-acces-aux-nouveaux-medicaments-la-suisse-continue-de-perdre-du-terrain-la-prise-en-charge-des-patient-e-s-et-la-place-suisse-sont-en-danger\/"]}]},{"@type":"ImageObject","inLanguage":"fr-FR","@id":"https:\/\/iph-multisite.berta-bewegt.ch\/fr\/blog\/communique-de-presse-acces-aux-nouveaux-medicaments-la-suisse-continue-de-perdre-du-terrain-la-prise-en-charge-des-patient-e-s-et-la-place-suisse-sont-en-danger\/#primaryimage","url":"https:\/\/iph-multisite.berta-bewegt.ch\/wp-content\/uploads\/2021\/02\/iStock-1064859060-scaled.jpg","contentUrl":"https:\/\/iph-multisite.berta-bewegt.ch\/wp-content\/uploads\/2021\/02\/iStock-1064859060-scaled.jpg","width":2560,"height":1655},{"@type":"BreadcrumbList","@id":"https:\/\/iph-multisite.berta-bewegt.ch\/fr\/blog\/communique-de-presse-acces-aux-nouveaux-medicaments-la-suisse-continue-de-perdre-du-terrain-la-prise-en-charge-des-patient-e-s-et-la-place-suisse-sont-en-danger\/#breadcrumb","itemListElement":[{"@type":"ListItem","position":1,"name":"Startseite","item":"https:\/\/iph-multisite.berta-bewegt.ch\/fr\/"},{"@type":"ListItem","position":2,"name":"Communiqu\u00e9 de presse: Acc\u00e8s aux nouveaux m\u00e9dicaments: la Suisse continue de perdre du terrain, la prise en charge des patient-e-s et la place suisse sont en danger"}]},{"@type":"WebSite","@id":"https:\/\/iph-multisite.berta-bewegt.ch\/#website","url":"https:\/\/iph-multisite.berta-bewegt.ch\/","name":"Interpharma","description":"Verband der forschenden Pharmazeutischen Firmen","potentialAction":[{"@type":"SearchAction","target":{"@type":"EntryPoint","urlTemplate":"https:\/\/iph-multisite.berta-bewegt.ch\/?s={search_term_string}"},"query-input":{"@type":"PropertyValueSpecification","valueRequired":true,"valueName":"search_term_string"}}],"inLanguage":"fr-FR"},{"@type":"Person","@id":"https:\/\/iph-multisite.berta-bewegt.ch\/#\/schema\/person\/749c3574947ecc016332eb58d91e45a3","name":"berta_admin","image":{"@type":"ImageObject","inLanguage":"fr-FR","@id":"https:\/\/secure.gravatar.com\/avatar\/a2aeb00900e30743ff2859dfc3dd11cf7e64bb4ec7a1f349ee3772658a1d087d?s=96&d=mm&r=g","url":"https:\/\/secure.gravatar.com\/avatar\/a2aeb00900e30743ff2859dfc3dd11cf7e64bb4ec7a1f349ee3772658a1d087d?s=96&d=mm&r=g","contentUrl":"https:\/\/secure.gravatar.com\/avatar\/a2aeb00900e30743ff2859dfc3dd11cf7e64bb4ec7a1f349ee3772658a1d087d?s=96&d=mm&r=g","caption":"berta_admin"},"sameAs":["https:\/\/iph-multisite.berta-bewegt.ch"]}]}},"_links":{"self":[{"href":"https:\/\/iph-multisite.berta-bewegt.ch\/fr\/wp-json\/wp\/v2\/posts\/12036","targetHints":{"allow":["GET"]}}],"collection":[{"href":"https:\/\/iph-multisite.berta-bewegt.ch\/fr\/wp-json\/wp\/v2\/posts"}],"about":[{"href":"https:\/\/iph-multisite.berta-bewegt.ch\/fr\/wp-json\/wp\/v2\/types\/post"}],"author":[{"embeddable":true,"href":"https:\/\/iph-multisite.berta-bewegt.ch\/fr\/wp-json\/wp\/v2\/users\/1"}],"replies":[{"embeddable":true,"href":"https:\/\/iph-multisite.berta-bewegt.ch\/fr\/wp-json\/wp\/v2\/comments?post=12036"}],"version-history":[{"count":1,"href":"https:\/\/iph-multisite.berta-bewegt.ch\/fr\/wp-json\/wp\/v2\/posts\/12036\/revisions"}],"predecessor-version":[{"id":12037,"href":"https:\/\/iph-multisite.berta-bewegt.ch\/fr\/wp-json\/wp\/v2\/posts\/12036\/revisions\/12037"}],"wp:featuredmedia":[{"embeddable":true,"href":"https:\/\/iph-multisite.berta-bewegt.ch\/fr\/wp-json\/wp\/v2\/media\/1962"}],"wp:attachment":[{"href":"https:\/\/iph-multisite.berta-bewegt.ch\/fr\/wp-json\/wp\/v2\/media?parent=12036"}],"wp:term":[{"taxonomy":"post_tag","embeddable":true,"href":"https:\/\/iph-multisite.berta-bewegt.ch\/fr\/wp-json\/wp\/v2\/tags?post=12036"}],"curies":[{"name":"wp","href":"https:\/\/api.w.org\/{rel}","templated":true}]}}