{"id":12108,"date":"2025-04-11T16:51:58","date_gmt":"2025-04-11T14:51:58","guid":{"rendered":"https:\/\/iph-multisite.berta-bewegt.ch\/?p=12108"},"modified":"2026-03-03T10:28:13","modified_gmt":"2026-03-03T09:28:13","slug":"acces-a-linnovation-dans-les-domaines-de-la-prevention-et-du-depistage-precoce","status":"publish","type":"post","link":"https:\/\/iph-multisite.berta-bewegt.ch\/fr\/blog\/acces-a-linnovation-dans-les-domaines-de-la-prevention-et-du-depistage-precoce\/","title":{"rendered":"Acc\u00e8s \u00e0 l\u2019innovation dans les domaines de la pr\u00e9vention et du d\u00e9pistage pr\u00e9coce"},"content":{"rendered":"\n<p>En tant qu\u2019Interpharma, nous nous engageons r\u00e9solument pour que les innovations m\u00e9dicales et les mesures de pr\u00e9vention efficaces soient accessibles \u00e0 tous. En Suisse, la r\u00e9partition f\u00e9d\u00e9raliste des comp\u00e9tences, entra\u00eene toutefois des diff\u00e9rences notables dans l\u2019acc\u00e8s et le recours aux offres de pr\u00e9vention et de d\u00e9pistage pr\u00e9coce des maladies. Nous nous concentrons sur la mise \u00e0 disposition rapide des progr\u00e8s r\u00e9alis\u00e9s dans le domaine de la pr\u00e9vention et du d\u00e9pistage au profit de la population, tout en facilitant autant que possible l\u2019acc\u00e8s aux mesures \u00e9tay\u00e9es scientifiquement. Nous nous engageons \u00e0 ce que les approches et les id\u00e9es qui \u00e9mergent ici ou l\u00e0 et qui font leurs preuves puissent \u00e9galement devenir des standards \u00e0 grande \u00e9chelle afin d\u2019atteindre les objectifs de sant\u00e9 et d\u2019am\u00e9liorer durablement la qualit\u00e9 de vie.<\/p>\n\n\n\n<p>L\u2019innovation joue un r\u00f4le cl\u00e9 dans la pr\u00e9vention et le d\u00e9pistage pr\u00e9coce des maladies. Le d\u00e9veloppement de vaccins permettant aujourd\u2019hui de pr\u00e9venir plus de 30&nbsp;maladies potentiellement mortelles en est un excellent exemple. En 2024, plus de 285&nbsp;vaccins \u00e9taient en cours de d\u00e9veloppement, ce qui souligne l\u2019\u00e9norme potentiel et les efforts continus de l\u2019industrie pharmaceutique dans ce domaine.<\/p>\n\n\n\n<h2 class=\"wp-block-heading\" id=\"h-nos-membres-mettent-egalement-tout-en-oeuvre-pour-ameliorer-l-acces-des-patients-a-l-innovation-en-matiere-de-prevention-et-de-depistage\"><strong>Nos membres mettent \u00e9galement tout en \u0153uvre pour am\u00e9liorer l\u2019acc\u00e8s des patients \u00e0 l\u2019innovation en mati\u00e8re de pr\u00e9vention et de d\u00e9pistage:<\/strong><\/h2>\n\n\n\n<ol class=\"wp-block-list\">\n<li><strong>Acc\u00e8s dans le contexte des disparit\u00e9s en mati\u00e8re de sant\u00e9 cardiovasculaire:<\/strong> les&nbsp;maladies chroniques, telles que les maladies cardiovasculaires (MCV), figurent parmi les principales causes de mortalit\u00e9 dans le monde. Le <a href=\"https:\/\/globalhearthub.org\/\">Global&nbsp;Heart&nbsp;Hub<\/a>, soutenu par Roche, montre comment des mesures de pr\u00e9vention strat\u00e9giques et un diagnostic pr\u00e9coce peuvent r\u00e9duire consid\u00e9rablement la charge de la maladie. Il s\u2019agit non seulement de promouvoir les innovations techniques, mais aussi de soutenir des programmes qui ciblent les disparit\u00e9s entre les sexes, les ethnies et les milieux socio-\u00e9conomiques en mati\u00e8re de d\u00e9pistage et de diagnostic des MCV.<\/li>\n\n\n\n<li><strong>Faire tomber les obstacles: <\/strong>le projet Pink&nbsp;Cube a contribu\u00e9 \u00e0 am\u00e9liorer le d\u00e9pistage du cancer du sein en Suisse en proposant des consultations et des examens mammaires. Cela a permis de sensibiliser au cancer du sein, d\u2019influencer les d\u00e9cisions politiques et de soutenir l\u2019introduction de programmes de d\u00e9pistage par mammographie dans plusieurs cantons. Malgr\u00e9 ces avanc\u00e9es, des d\u00e9fis subsistent, tels que l\u2019absence de coordination nationale, le manque g\u00e9n\u00e9ral d\u2019informations sur le d\u00e9pistage, ainsi que l\u2019acc\u00e8s in\u00e9gal et injuste aux programmes de d\u00e9pistage du cancer dans les diff\u00e9rents cantons.<\/li>\n\n\n\n<li><strong>Poursuivre le d\u00e9veloppement de produits visant \u00e0 faciliter l\u2019acc\u00e8s: <\/strong>le&nbsp;d\u00e9veloppement de produits facilitant l\u2019acc\u00e8s au d\u00e9pistage du cancer du col de l\u2019ut\u00e9rus est un autre exemple. Roche a d\u00e9velopp\u00e9 des solutions innovantes permettant l\u2019auto-pr\u00e9l\u00e8vement d\u2019\u00e9chantillons, r\u00e9duisant ainsi les obstacles \u00e0 cette mesure de pr\u00e9vention importante.<\/li>\n<\/ol>\n\n\n\n<hr class=\"wp-block-separator has-alpha-channel-opacity\"\/>\n\n\n\n<p>Acc\u00e9der au Blog partie 1:&nbsp;<a href=\"https:\/\/iph-multisite.berta-bewegt.ch\/blog\/la-prevention-comme-element-dun-systeme-de-sante-suisse-perenne\/?lang=fr\">La pr\u00e9vention comme \u00e9l\u00e9ment d\u2019un syst\u00e8me de sant\u00e9 suisse p\u00e9renne<\/a><\/p>\n\n\n\n<p>Acc\u00e9der au Blog, partie 2:&nbsp;<a href=\"https:\/\/iph-multisite.berta-bewegt.ch\/blog\/une-prevention-ciblee-et-une-detection-precoce-comme-cles-de-la-reussite-a-long-terme\/?lang=fr\">Une pr\u00e9vention cibl\u00e9e et une d\u00e9tection pr\u00e9coce comme cl\u00e9s de la r\u00e9ussite \u00e0 long terme<\/a><\/p>\n\n\n\n<p>Acc\u00e9der au Blog, partie 3: <a href=\"https:\/\/iph-multisite.berta-bewegt.ch\/blog\/strategie-et-coordination-globales\/?lang=fr\">Strat\u00e9gie et coordination globales<\/a><\/p>\n\n\n\n<p>Acc\u00e9der au Blog, partie 4: <a href=\"https:\/\/iph-multisite.berta-bewegt.ch\/blog\/lutilisation-des-donnees-comme-cle-dune-prevention-plus-ciblee\/?lang=fr\">L\u2019utilisation des donn\u00e9es comme cl\u00e9 d\u2019une pr\u00e9vention plus cibl\u00e9e<\/a><\/p>\n","protected":false},"excerpt":{"rendered":"<p>En tant qu\u2019Interpharma, nous nous engageons r\u00e9solument pour que les innovations m\u00e9dicales et les mesures de pr\u00e9vention efficaces soient accessibles \u00e0 tous. En Suisse, la r\u00e9partition f\u00e9d\u00e9raliste des comp\u00e9tences, entra\u00eene toutefois des diff\u00e9rences notables dans l\u2019acc\u00e8s et le recours aux offres de pr\u00e9vention et de d\u00e9pistage pr\u00e9coce des maladies. Nous nous concentrons sur la mise [&hellip;]<\/p>\n","protected":false},"author":1,"featured_media":3483,"comment_status":"closed","ping_status":"open","sticky":false,"template":"","format":"standard","meta":{"_acf_changed":false,"inline_featured_image":false,"footnotes":""},"tags":[54,118,120,140],"class_list":["post-12108","post","type-post","status-publish","format-standard","has-post-thumbnail","hentry","tag-medien-fr","tag-vaccin","tag-innovation-fr","tag-acces-a-linnovation"],"acf":[],"yoast_head":"<!-- This site is optimized with the Yoast SEO plugin v27.2 - https:\/\/yoast.com\/product\/yoast-seo-wordpress\/ -->\n<title>Acc\u00e8s \u00e0 l\u2019innovation dans les domaines de la pr\u00e9vention et du d\u00e9pistage pr\u00e9coce - Interpharma<\/title>\n<meta name=\"robots\" content=\"noindex, follow, max-snippet:-1, max-image-preview:large, max-video-preview:-1\" \/>\n<meta property=\"og:locale\" content=\"fr_FR\" \/>\n<meta property=\"og:type\" content=\"article\" \/>\n<meta property=\"og:title\" content=\"Acc\u00e8s \u00e0 l\u2019innovation dans les domaines de la pr\u00e9vention et du d\u00e9pistage pr\u00e9coce - Interpharma\" \/>\n<meta property=\"og:description\" content=\"En tant qu\u2019Interpharma, nous nous engageons r\u00e9solument pour que les innovations m\u00e9dicales et les mesures de pr\u00e9vention efficaces soient accessibles \u00e0 tous. En Suisse, la r\u00e9partition f\u00e9d\u00e9raliste des comp\u00e9tences, entra\u00eene toutefois des diff\u00e9rences notables dans l\u2019acc\u00e8s et le recours aux offres de pr\u00e9vention et de d\u00e9pistage pr\u00e9coce des maladies. Nous nous concentrons sur la mise [&hellip;]\" \/>\n<meta property=\"og:url\" content=\"https:\/\/iph-multisite.berta-bewegt.ch\/fr\/blog\/acces-a-linnovation-dans-les-domaines-de-la-prevention-et-du-depistage-precoce\/\" \/>\n<meta property=\"og:site_name\" content=\"Interpharma\" \/>\n<meta property=\"article:published_time\" content=\"2025-04-11T14:51:58+00:00\" \/>\n<meta property=\"article:modified_time\" content=\"2026-03-03T09:28:13+00:00\" \/>\n<meta property=\"og:image\" content=\"https:\/\/iph-multisite.berta-bewegt.ch\/wp-content\/uploads\/2025\/04\/iStock_Herz_Praevention.jpg\" \/>\n\t<meta property=\"og:image:width\" content=\"2148\" \/>\n\t<meta property=\"og:image:height\" content=\"1395\" \/>\n\t<meta property=\"og:image:type\" content=\"image\/jpeg\" \/>\n<meta name=\"author\" content=\"berta_admin\" \/>\n<meta name=\"twitter:card\" content=\"summary_large_image\" \/>\n<meta name=\"twitter:label1\" content=\"\u00c9crit par\" \/>\n\t<meta name=\"twitter:data1\" content=\"berta_admin\" \/>\n\t<meta name=\"twitter:label2\" content=\"Dur\u00e9e de lecture estim\u00e9e\" \/>\n\t<meta name=\"twitter:data2\" content=\"3 minutes\" \/>\n<script type=\"application\/ld+json\" class=\"yoast-schema-graph\">{\"@context\":\"https:\/\/schema.org\",\"@graph\":[{\"@type\":\"Article\",\"@id\":\"https:\/\/iph-multisite.berta-bewegt.ch\/fr\/blog\/acces-a-linnovation-dans-les-domaines-de-la-prevention-et-du-depistage-precoce\/#article\",\"isPartOf\":{\"@id\":\"https:\/\/iph-multisite.berta-bewegt.ch\/fr\/blog\/acces-a-linnovation-dans-les-domaines-de-la-prevention-et-du-depistage-precoce\/\"},\"author\":{\"name\":\"berta_admin\",\"@id\":\"https:\/\/iph-multisite.berta-bewegt.ch\/#\/schema\/person\/749c3574947ecc016332eb58d91e45a3\"},\"headline\":\"Acc\u00e8s \u00e0 l\u2019innovation dans les domaines de la pr\u00e9vention et du d\u00e9pistage pr\u00e9coce\",\"datePublished\":\"2025-04-11T14:51:58+00:00\",\"dateModified\":\"2026-03-03T09:28:13+00:00\",\"mainEntityOfPage\":{\"@id\":\"https:\/\/iph-multisite.berta-bewegt.ch\/fr\/blog\/acces-a-linnovation-dans-les-domaines-de-la-prevention-et-du-depistage-precoce\/\"},\"wordCount\":617,\"image\":{\"@id\":\"https:\/\/iph-multisite.berta-bewegt.ch\/fr\/blog\/acces-a-linnovation-dans-les-domaines-de-la-prevention-et-du-depistage-precoce\/#primaryimage\"},\"thumbnailUrl\":\"https:\/\/iph-multisite.berta-bewegt.ch\/wp-content\/uploads\/2025\/04\/iStock_Herz_Praevention.jpg\",\"keywords\":[\"M\u00e9dias\",\"Vaccin\",\"Innovation\",\"acc\u00e8s \u00e0 l'innovation\"],\"inLanguage\":\"fr-FR\",\"copyrightYear\":\"2025\",\"copyrightHolder\":{\"@id\":\"https:\/\/iph-multisite.berta-bewegt.ch\/#organization\"}},{\"@type\":\"WebPage\",\"@id\":\"https:\/\/iph-multisite.berta-bewegt.ch\/fr\/blog\/acces-a-linnovation-dans-les-domaines-de-la-prevention-et-du-depistage-precoce\/\",\"url\":\"https:\/\/iph-multisite.berta-bewegt.ch\/fr\/blog\/acces-a-linnovation-dans-les-domaines-de-la-prevention-et-du-depistage-precoce\/\",\"name\":\"Acc\u00e8s \u00e0 l\u2019innovation dans les domaines de la pr\u00e9vention et du d\u00e9pistage pr\u00e9coce - Interpharma\",\"isPartOf\":{\"@id\":\"https:\/\/iph-multisite.berta-bewegt.ch\/#website\"},\"primaryImageOfPage\":{\"@id\":\"https:\/\/iph-multisite.berta-bewegt.ch\/fr\/blog\/acces-a-linnovation-dans-les-domaines-de-la-prevention-et-du-depistage-precoce\/#primaryimage\"},\"image\":{\"@id\":\"https:\/\/iph-multisite.berta-bewegt.ch\/fr\/blog\/acces-a-linnovation-dans-les-domaines-de-la-prevention-et-du-depistage-precoce\/#primaryimage\"},\"thumbnailUrl\":\"https:\/\/iph-multisite.berta-bewegt.ch\/wp-content\/uploads\/2025\/04\/iStock_Herz_Praevention.jpg\",\"datePublished\":\"2025-04-11T14:51:58+00:00\",\"dateModified\":\"2026-03-03T09:28:13+00:00\",\"author\":{\"@id\":\"https:\/\/iph-multisite.berta-bewegt.ch\/#\/schema\/person\/749c3574947ecc016332eb58d91e45a3\"},\"breadcrumb\":{\"@id\":\"https:\/\/iph-multisite.berta-bewegt.ch\/fr\/blog\/acces-a-linnovation-dans-les-domaines-de-la-prevention-et-du-depistage-precoce\/#breadcrumb\"},\"inLanguage\":\"fr-FR\",\"potentialAction\":[{\"@type\":\"ReadAction\",\"target\":[\"https:\/\/iph-multisite.berta-bewegt.ch\/fr\/blog\/acces-a-linnovation-dans-les-domaines-de-la-prevention-et-du-depistage-precoce\/\"]}]},{\"@type\":\"ImageObject\",\"inLanguage\":\"fr-FR\",\"@id\":\"https:\/\/iph-multisite.berta-bewegt.ch\/fr\/blog\/acces-a-linnovation-dans-les-domaines-de-la-prevention-et-du-depistage-precoce\/#primaryimage\",\"url\":\"https:\/\/iph-multisite.berta-bewegt.ch\/wp-content\/uploads\/2025\/04\/iStock_Herz_Praevention.jpg\",\"contentUrl\":\"https:\/\/iph-multisite.berta-bewegt.ch\/wp-content\/uploads\/2025\/04\/iStock_Herz_Praevention.jpg\",\"width\":2148,\"height\":1395},{\"@type\":\"BreadcrumbList\",\"@id\":\"https:\/\/iph-multisite.berta-bewegt.ch\/fr\/blog\/acces-a-linnovation-dans-les-domaines-de-la-prevention-et-du-depistage-precoce\/#breadcrumb\",\"itemListElement\":[{\"@type\":\"ListItem\",\"position\":1,\"name\":\"Startseite\",\"item\":\"https:\/\/iph-multisite.berta-bewegt.ch\/fr\/\"},{\"@type\":\"ListItem\",\"position\":2,\"name\":\"Acc\u00e8s \u00e0 l\u2019innovation dans les domaines de la pr\u00e9vention et du d\u00e9pistage pr\u00e9coce\"}]},{\"@type\":\"WebSite\",\"@id\":\"https:\/\/iph-multisite.berta-bewegt.ch\/#website\",\"url\":\"https:\/\/iph-multisite.berta-bewegt.ch\/\",\"name\":\"Interpharma\",\"description\":\"Verband der forschenden Pharmazeutischen Firmen\",\"potentialAction\":[{\"@type\":\"SearchAction\",\"target\":{\"@type\":\"EntryPoint\",\"urlTemplate\":\"https:\/\/iph-multisite.berta-bewegt.ch\/?s={search_term_string}\"},\"query-input\":{\"@type\":\"PropertyValueSpecification\",\"valueRequired\":true,\"valueName\":\"search_term_string\"}}],\"inLanguage\":\"fr-FR\"},{\"@type\":\"Person\",\"@id\":\"https:\/\/iph-multisite.berta-bewegt.ch\/#\/schema\/person\/749c3574947ecc016332eb58d91e45a3\",\"name\":\"berta_admin\",\"image\":{\"@type\":\"ImageObject\",\"inLanguage\":\"fr-FR\",\"@id\":\"https:\/\/secure.gravatar.com\/avatar\/a2aeb00900e30743ff2859dfc3dd11cf7e64bb4ec7a1f349ee3772658a1d087d?s=96&d=mm&r=g\",\"url\":\"https:\/\/secure.gravatar.com\/avatar\/a2aeb00900e30743ff2859dfc3dd11cf7e64bb4ec7a1f349ee3772658a1d087d?s=96&d=mm&r=g\",\"contentUrl\":\"https:\/\/secure.gravatar.com\/avatar\/a2aeb00900e30743ff2859dfc3dd11cf7e64bb4ec7a1f349ee3772658a1d087d?s=96&d=mm&r=g\",\"caption\":\"berta_admin\"},\"sameAs\":[\"https:\/\/iph-multisite.berta-bewegt.ch\"]}]}<\/script>\n<!-- \/ Yoast SEO plugin. -->","yoast_head_json":{"title":"Acc\u00e8s \u00e0 l\u2019innovation dans les domaines de la pr\u00e9vention et du d\u00e9pistage pr\u00e9coce - Interpharma","robots":{"index":"noindex","follow":"follow","max-snippet":"max-snippet:-1","max-image-preview":"max-image-preview:large","max-video-preview":"max-video-preview:-1"},"og_locale":"fr_FR","og_type":"article","og_title":"Acc\u00e8s \u00e0 l\u2019innovation dans les domaines de la pr\u00e9vention et du d\u00e9pistage pr\u00e9coce - Interpharma","og_description":"En tant qu\u2019Interpharma, nous nous engageons r\u00e9solument pour que les innovations m\u00e9dicales et les mesures de pr\u00e9vention efficaces soient accessibles \u00e0 tous. En Suisse, la r\u00e9partition f\u00e9d\u00e9raliste des comp\u00e9tences, entra\u00eene toutefois des diff\u00e9rences notables dans l\u2019acc\u00e8s et le recours aux offres de pr\u00e9vention et de d\u00e9pistage pr\u00e9coce des maladies. Nous nous concentrons sur la mise [&hellip;]","og_url":"https:\/\/iph-multisite.berta-bewegt.ch\/fr\/blog\/acces-a-linnovation-dans-les-domaines-de-la-prevention-et-du-depistage-precoce\/","og_site_name":"Interpharma","article_published_time":"2025-04-11T14:51:58+00:00","article_modified_time":"2026-03-03T09:28:13+00:00","og_image":[{"width":2148,"height":1395,"url":"https:\/\/iph-multisite.berta-bewegt.ch\/wp-content\/uploads\/2025\/04\/iStock_Herz_Praevention.jpg","type":"image\/jpeg"}],"author":"berta_admin","twitter_card":"summary_large_image","twitter_misc":{"\u00c9crit par":"berta_admin","Dur\u00e9e de lecture estim\u00e9e":"3 minutes"},"schema":{"@context":"https:\/\/schema.org","@graph":[{"@type":"Article","@id":"https:\/\/iph-multisite.berta-bewegt.ch\/fr\/blog\/acces-a-linnovation-dans-les-domaines-de-la-prevention-et-du-depistage-precoce\/#article","isPartOf":{"@id":"https:\/\/iph-multisite.berta-bewegt.ch\/fr\/blog\/acces-a-linnovation-dans-les-domaines-de-la-prevention-et-du-depistage-precoce\/"},"author":{"name":"berta_admin","@id":"https:\/\/iph-multisite.berta-bewegt.ch\/#\/schema\/person\/749c3574947ecc016332eb58d91e45a3"},"headline":"Acc\u00e8s \u00e0 l\u2019innovation dans les domaines de la pr\u00e9vention et du d\u00e9pistage pr\u00e9coce","datePublished":"2025-04-11T14:51:58+00:00","dateModified":"2026-03-03T09:28:13+00:00","mainEntityOfPage":{"@id":"https:\/\/iph-multisite.berta-bewegt.ch\/fr\/blog\/acces-a-linnovation-dans-les-domaines-de-la-prevention-et-du-depistage-precoce\/"},"wordCount":617,"image":{"@id":"https:\/\/iph-multisite.berta-bewegt.ch\/fr\/blog\/acces-a-linnovation-dans-les-domaines-de-la-prevention-et-du-depistage-precoce\/#primaryimage"},"thumbnailUrl":"https:\/\/iph-multisite.berta-bewegt.ch\/wp-content\/uploads\/2025\/04\/iStock_Herz_Praevention.jpg","keywords":["M\u00e9dias","Vaccin","Innovation","acc\u00e8s \u00e0 l'innovation"],"inLanguage":"fr-FR","copyrightYear":"2025","copyrightHolder":{"@id":"https:\/\/iph-multisite.berta-bewegt.ch\/#organization"}},{"@type":"WebPage","@id":"https:\/\/iph-multisite.berta-bewegt.ch\/fr\/blog\/acces-a-linnovation-dans-les-domaines-de-la-prevention-et-du-depistage-precoce\/","url":"https:\/\/iph-multisite.berta-bewegt.ch\/fr\/blog\/acces-a-linnovation-dans-les-domaines-de-la-prevention-et-du-depistage-precoce\/","name":"Acc\u00e8s \u00e0 l\u2019innovation dans les domaines de la pr\u00e9vention et du d\u00e9pistage pr\u00e9coce - Interpharma","isPartOf":{"@id":"https:\/\/iph-multisite.berta-bewegt.ch\/#website"},"primaryImageOfPage":{"@id":"https:\/\/iph-multisite.berta-bewegt.ch\/fr\/blog\/acces-a-linnovation-dans-les-domaines-de-la-prevention-et-du-depistage-precoce\/#primaryimage"},"image":{"@id":"https:\/\/iph-multisite.berta-bewegt.ch\/fr\/blog\/acces-a-linnovation-dans-les-domaines-de-la-prevention-et-du-depistage-precoce\/#primaryimage"},"thumbnailUrl":"https:\/\/iph-multisite.berta-bewegt.ch\/wp-content\/uploads\/2025\/04\/iStock_Herz_Praevention.jpg","datePublished":"2025-04-11T14:51:58+00:00","dateModified":"2026-03-03T09:28:13+00:00","author":{"@id":"https:\/\/iph-multisite.berta-bewegt.ch\/#\/schema\/person\/749c3574947ecc016332eb58d91e45a3"},"breadcrumb":{"@id":"https:\/\/iph-multisite.berta-bewegt.ch\/fr\/blog\/acces-a-linnovation-dans-les-domaines-de-la-prevention-et-du-depistage-precoce\/#breadcrumb"},"inLanguage":"fr-FR","potentialAction":[{"@type":"ReadAction","target":["https:\/\/iph-multisite.berta-bewegt.ch\/fr\/blog\/acces-a-linnovation-dans-les-domaines-de-la-prevention-et-du-depistage-precoce\/"]}]},{"@type":"ImageObject","inLanguage":"fr-FR","@id":"https:\/\/iph-multisite.berta-bewegt.ch\/fr\/blog\/acces-a-linnovation-dans-les-domaines-de-la-prevention-et-du-depistage-precoce\/#primaryimage","url":"https:\/\/iph-multisite.berta-bewegt.ch\/wp-content\/uploads\/2025\/04\/iStock_Herz_Praevention.jpg","contentUrl":"https:\/\/iph-multisite.berta-bewegt.ch\/wp-content\/uploads\/2025\/04\/iStock_Herz_Praevention.jpg","width":2148,"height":1395},{"@type":"BreadcrumbList","@id":"https:\/\/iph-multisite.berta-bewegt.ch\/fr\/blog\/acces-a-linnovation-dans-les-domaines-de-la-prevention-et-du-depistage-precoce\/#breadcrumb","itemListElement":[{"@type":"ListItem","position":1,"name":"Startseite","item":"https:\/\/iph-multisite.berta-bewegt.ch\/fr\/"},{"@type":"ListItem","position":2,"name":"Acc\u00e8s \u00e0 l\u2019innovation dans les domaines de la pr\u00e9vention et du d\u00e9pistage pr\u00e9coce"}]},{"@type":"WebSite","@id":"https:\/\/iph-multisite.berta-bewegt.ch\/#website","url":"https:\/\/iph-multisite.berta-bewegt.ch\/","name":"Interpharma","description":"Verband der forschenden Pharmazeutischen Firmen","potentialAction":[{"@type":"SearchAction","target":{"@type":"EntryPoint","urlTemplate":"https:\/\/iph-multisite.berta-bewegt.ch\/?s={search_term_string}"},"query-input":{"@type":"PropertyValueSpecification","valueRequired":true,"valueName":"search_term_string"}}],"inLanguage":"fr-FR"},{"@type":"Person","@id":"https:\/\/iph-multisite.berta-bewegt.ch\/#\/schema\/person\/749c3574947ecc016332eb58d91e45a3","name":"berta_admin","image":{"@type":"ImageObject","inLanguage":"fr-FR","@id":"https:\/\/secure.gravatar.com\/avatar\/a2aeb00900e30743ff2859dfc3dd11cf7e64bb4ec7a1f349ee3772658a1d087d?s=96&d=mm&r=g","url":"https:\/\/secure.gravatar.com\/avatar\/a2aeb00900e30743ff2859dfc3dd11cf7e64bb4ec7a1f349ee3772658a1d087d?s=96&d=mm&r=g","contentUrl":"https:\/\/secure.gravatar.com\/avatar\/a2aeb00900e30743ff2859dfc3dd11cf7e64bb4ec7a1f349ee3772658a1d087d?s=96&d=mm&r=g","caption":"berta_admin"},"sameAs":["https:\/\/iph-multisite.berta-bewegt.ch"]}]}},"_links":{"self":[{"href":"https:\/\/iph-multisite.berta-bewegt.ch\/fr\/wp-json\/wp\/v2\/posts\/12108","targetHints":{"allow":["GET"]}}],"collection":[{"href":"https:\/\/iph-multisite.berta-bewegt.ch\/fr\/wp-json\/wp\/v2\/posts"}],"about":[{"href":"https:\/\/iph-multisite.berta-bewegt.ch\/fr\/wp-json\/wp\/v2\/types\/post"}],"author":[{"embeddable":true,"href":"https:\/\/iph-multisite.berta-bewegt.ch\/fr\/wp-json\/wp\/v2\/users\/1"}],"replies":[{"embeddable":true,"href":"https:\/\/iph-multisite.berta-bewegt.ch\/fr\/wp-json\/wp\/v2\/comments?post=12108"}],"version-history":[{"count":1,"href":"https:\/\/iph-multisite.berta-bewegt.ch\/fr\/wp-json\/wp\/v2\/posts\/12108\/revisions"}],"predecessor-version":[{"id":12109,"href":"https:\/\/iph-multisite.berta-bewegt.ch\/fr\/wp-json\/wp\/v2\/posts\/12108\/revisions\/12109"}],"wp:featuredmedia":[{"embeddable":true,"href":"https:\/\/iph-multisite.berta-bewegt.ch\/fr\/wp-json\/wp\/v2\/media\/3483"}],"wp:attachment":[{"href":"https:\/\/iph-multisite.berta-bewegt.ch\/fr\/wp-json\/wp\/v2\/media?parent=12108"}],"wp:term":[{"taxonomy":"post_tag","embeddable":true,"href":"https:\/\/iph-multisite.berta-bewegt.ch\/fr\/wp-json\/wp\/v2\/tags?post=12108"}],"curies":[{"name":"wp","href":"https:\/\/api.w.org\/{rel}","templated":true}]}}