{"id":12268,"date":"2024-10-08T18:30:28","date_gmt":"2024-10-08T16:30:28","guid":{"rendered":"https:\/\/iph-multisite.berta-bewegt.ch\/?p=12268"},"modified":"2026-03-03T10:32:36","modified_gmt":"2026-03-03T09:32:36","slug":"financement-uniforme-pour-un-systeme-de-sante-plus-juste-et-plus-efficace","status":"publish","type":"post","link":"https:\/\/iph-multisite.berta-bewegt.ch\/fr\/blog\/financement-uniforme-pour-un-systeme-de-sante-plus-juste-et-plus-efficace\/","title":{"rendered":"Financement uniforme\u00a0\u2013 pour un syst\u00e8me de sant\u00e9 plus juste et plus efficace"},"content":{"rendered":"\n<p class=\"is-style-paragraph-lead-text\"><strong>Le financement uniforme des prestations ambulatoires et stationnaires (EFAS) permettra de simplifier notre syst\u00e8me de sant\u00e9 complexe, de r\u00e9duire les incitations inopportunes et, in fine, de r\u00e9aliser d\u2019importantes \u00e9conomies, sans que la qualit\u00e9 du syst\u00e8me de sant\u00e9 n\u2019en p\u00e2tisse. Une vaste alliance regroupant 22\u00a0organisations issues de l\u2019ensemble du syst\u00e8me de sant\u00e9 soutient la d\u00e9cision parlementaire.\u00a0Interpharma est l\u2019une d\u2019entre elle. Il est maintenant important que cet outil efficace soit adopt\u00e9 par le peuple suisse 15\u00a0ans (!) apr\u00e8s la premi\u00e8re initiative parlementaire.<\/strong><\/p>\n\n\n\n<p>Le syst\u00e8me de sant\u00e9 suisse figure parmi les meilleurs au monde. Malgr\u00e9 les co\u00fbts que cela implique, les Suisses appel\u00e9s \u00e0 voter appr\u00e9cient la qualit\u00e9 du syst\u00e8me et ne sont pas dispos\u00e9s \u00e0 accepter des restrictions en mati\u00e8re d\u2019acc\u00e8s ni des baisses de prestations en \u00e9change de primes plus basses, comme le montre le <a href=\"https:\/\/iph-multisite.berta-bewegt.ch\/wp-content\/uploads\/2024\/06\/LY-IPH.01.24.001-%E2%80%93-Gesundheitsmonitor-2024_d_web.pdf\">moniteur de la sant\u00e9 d\u2019Interpharma<\/a>. Toutefois, le syst\u00e8me de sant\u00e9 est devenu extr\u00eamement complexe et tr\u00e8s fortement r\u00e9glement\u00e9, ce qui est source de conflits d\u2019int\u00e9r\u00eats et d\u2019incitations inopportunes. Tout cela nuit \u00e0 une prise en charge adapt\u00e9e des patients et entra\u00eene une r\u00e9partition inefficace des ressources financi\u00e8res et la perte d\u2019une part importante de primes sans b\u00e9n\u00e9fice direct pour les patients.<\/p>\n\n\n\n<h2 class=\"wp-block-heading\" id=\"h-un-financement-uniforme-permettrait-d-eliminer-les-incitations-inopportunes\"><strong>Un financement uniforme permettrait d\u2019\u00e9liminer les incitations inopportunes<\/strong><\/h2>\n\n\n\n<p>Le financement uniforme (EFAS), sur lequel les citoyens suisses seront appel\u00e9s \u00e0 se prononcer le 24&nbsp;novembre 2024, combat ce type d\u2019incitations inopportunes et d\u00e9broussaille la \u00abjungle du syst\u00e8me de sant\u00e9\u00bb:<\/p>\n\n\n\n<p>Aujourd\u2019hui, les prestations ambulatoires sont financ\u00e9es \u00e0 100% par les primes, alors que les prestations stationnaires sont financ\u00e9es \u00e0 55% par les cantons et \u00e0 45% par les primes. Gr\u00e2ce aux progr\u00e8s de la m\u00e9decine, il est possible de r\u00e9aliser de plus en plus d\u2019interventions en ambulatoire plut\u00f4t qu\u2019en stationnaire. Cela signifie que les patients peuvent rentrer chez eux le jour m\u00eame et ne doivent pas passer la nuit \u00e0 l\u2019h\u00f4pital. Les traitements ambulatoires sont en principe moins chers que les traitements stationnaires (souvent deux fois moins chers). Toutefois, comme ils sont rembours\u00e9s \u00e0 100% par les caisses d\u2019assurance maladie, alors que les traitements stationnaires ne le sont qu\u2019\u00e0 moiti\u00e9, ces traitements pourtant moins co\u00fbteux, entra\u00eenent une augmentation des primes. Le financement uniforme permettrait de corriger ce biais. De cette mani\u00e8re, les payeurs de primes b\u00e9n\u00e9ficieront \u00e9galement \u00e0 l\u2019avenir du fait que davantage de traitements seront r\u00e9alis\u00e9s en ambulatoire.<\/p>\n\n\n\n<p>Les \u00e9conomies potentielles pour le syst\u00e8me de sant\u00e9 (et donc pour les assur\u00e9s) sont estim\u00e9es, selon les \u00e9tudes, entre 300\u00a0millions et 3\u00a0milliards de francs par an. Et cela, bien entendu, sans qu\u2019il soit n\u00e9cessaire de faire des concessions sur la qualit\u00e9.<\/p>\n\n\n\n<figure class=\"wp-block-image size-large\"><img decoding=\"async\" src=\"https:\/\/iph-multisite.berta-bewegt.ch\/wp-content\/uploads\/2024\/10\/20240925_EF_Grafik-2_IT_01-1024x455.jpg\" alt=\"\" class=\"wp-image-25668\"\/><\/figure>\n\n\n\n<p><em>Source: Conf\u00e9d\u00e9ration (2022)<\/em><\/p>\n\n\n\n<p>Ce projet promeut \u00e9galement l\u2019int\u00e9gration des soins: les mod\u00e8les de soins int\u00e9gr\u00e9s, dans lesquels la collaboration entre les m\u00e9decins de famille, les sp\u00e9cialistes, les h\u00f4pitaux et les EMS est renforc\u00e9e, ont des effets positifs av\u00e9r\u00e9s sur les malades chroniques. Une vaste \u00e9tude suisse a montr\u00e9 que chez les patients atteints de maladies comme le diab\u00e8te ou les maladies cardiovasculaires, les soins int\u00e9gr\u00e9s permettaient de pr\u00e9venir des hospitalisations inutiles et de r\u00e9duire les co\u00fbts de traitement. Le financement uniforme permet de promouvoir ces mod\u00e8les en \u00e9liminant les incitations financi\u00e8res inopportunes et en r\u00e9percutant les \u00e9conomies sur les payeurs de primes.<\/p>\n\n\n\n<h2 class=\"wp-block-heading\" id=\"h-voulons-nous-attendre-encore-15-nbsp-ans\"><strong>Voulons-nous attendre encore 15&nbsp;ans?<\/strong><\/h2>\n\n\n\n<p>Cette r\u00e9forme renforce \u00e0 la fois la qualit\u00e9 des soins et l\u2019efficacit\u00e9 financi\u00e8re du syst\u00e8me de sant\u00e9 et profite \u00e0 tous: patients, professionnels de sant\u00e9 et payeurs de primes.<\/p>\n\n\n\n<p><a href=\"https:\/\/iph-multisite.berta-bewegt.ch\/blog\/allianz-pro-efas-ja-zur-einheitlichen-finanzierung-ambulanter-und-stationaerer-gesundheitsleistungen\/\">Interpharma et plus de 20&nbsp;organisations du syst\u00e8me de sant\u00e9<\/a> ainsi que de nombreux partis politiques s\u2019engagent avec force en faveur du financement uniforme, qui a finalement \u00e9t\u00e9 adopt\u00e9 en d\u00e9cembre&nbsp;2023 apr\u00e8s 14&nbsp;ans de d\u00e9lib\u00e9rations parlementaires intenses. Cette r\u00e9forme, largement soutenue, \u00e9limine les incitations inopportunes dans le syst\u00e8me de sant\u00e9 suisse en finan\u00e7ant de mani\u00e8re uniforme les prestations ambulatoires et stationnaires. Attendre encore 15&nbsp;ans pour une prochaine r\u00e9forme susceptible de recueillir une majorit\u00e9 ne saurait \u00eatre une option.<\/p>\n\n\n\n<p>Le financement uniforme est essentiel pour rendre le syst\u00e8me de sant\u00e9 suisse plus efficace et durable. Il constitue une \u00e9tape d\u00e9terminante vers un <a href=\"https:\/\/iph-multisite.berta-bewegt.ch\/wp-content\/uploads\/2024\/06\/20240416_IPH_Gesundheitswesen_Entwurf_Brosch_A5_DE_an_kunde.pdf\">syst\u00e8me de sant\u00e9 suisse durable et p\u00e9renne<\/a>. Ne laissons pas passer cette chance le 24&nbsp;novembre prochain!<\/p>\n","protected":false},"excerpt":{"rendered":"<p>Le financement uniforme des prestations ambulatoires et stationnaires (EFAS) permettra de simplifier notre syst\u00e8me de sant\u00e9 complexe, de r\u00e9duire les incitations inopportunes et, in fine, de r\u00e9aliser d\u2019importantes \u00e9conomies, sans que la qualit\u00e9 du syst\u00e8me de sant\u00e9 n\u2019en p\u00e2tisse. Une vaste alliance regroupant 22\u00a0organisations issues de l\u2019ensemble du syst\u00e8me de sant\u00e9 soutient la d\u00e9cision parlementaire.\u00a0Interpharma [&hellip;]<\/p>\n","protected":false},"author":1,"featured_media":14378,"comment_status":"closed","ping_status":"open","sticky":false,"template":"","format":"standard","meta":{"_acf_changed":false,"inline_featured_image":false,"footnotes":""},"tags":[54,131,155],"class_list":["post-12268","post","type-post","status-publish","format-standard","has-post-thumbnail","hentry","tag-medien-fr","tag-politique","tag-efas"],"acf":[],"yoast_head":"<!-- This site is optimized with the Yoast SEO plugin v27.2 - https:\/\/yoast.com\/product\/yoast-seo-wordpress\/ -->\n<title>Financement uniforme\u00a0\u2013 pour un syst\u00e8me de sant\u00e9 plus juste et plus efficace - Interpharma<\/title>\n<meta name=\"robots\" content=\"noindex, follow, max-snippet:-1, max-image-preview:large, max-video-preview:-1\" \/>\n<meta property=\"og:locale\" content=\"fr_FR\" \/>\n<meta property=\"og:type\" content=\"article\" \/>\n<meta property=\"og:title\" content=\"Financement uniforme\u00a0\u2013 pour un syst\u00e8me de sant\u00e9 plus juste et plus efficace - Interpharma\" \/>\n<meta property=\"og:description\" content=\"Le financement uniforme des prestations ambulatoires et stationnaires (EFAS) permettra de simplifier notre syst\u00e8me de sant\u00e9 complexe, de r\u00e9duire les incitations inopportunes et, in fine, de r\u00e9aliser d\u2019importantes \u00e9conomies, sans que la qualit\u00e9 du syst\u00e8me de sant\u00e9 n\u2019en p\u00e2tisse. Une vaste alliance regroupant 22\u00a0organisations issues de l\u2019ensemble du syst\u00e8me de sant\u00e9 soutient la d\u00e9cision parlementaire.\u00a0Interpharma [&hellip;]\" \/>\n<meta property=\"og:url\" content=\"https:\/\/iph-multisite.berta-bewegt.ch\/fr\/blog\/financement-uniforme-pour-un-systeme-de-sante-plus-juste-et-plus-efficace\/\" \/>\n<meta property=\"og:site_name\" content=\"Interpharma\" \/>\n<meta property=\"article:published_time\" content=\"2024-10-08T16:30:28+00:00\" \/>\n<meta property=\"article:modified_time\" content=\"2026-03-03T09:32:36+00:00\" \/>\n<meta property=\"og:image\" content=\"https:\/\/iph-multisite.berta-bewegt.ch\/wp-content\/uploads\/2024\/10\/ef_sujet_messages_16x9_FR-1.jpg\" \/>\n\t<meta property=\"og:image:width\" content=\"1080\" \/>\n\t<meta property=\"og:image:height\" content=\"566\" \/>\n\t<meta property=\"og:image:type\" content=\"image\/jpeg\" \/>\n<meta name=\"author\" content=\"berta_admin\" \/>\n<meta name=\"twitter:card\" content=\"summary_large_image\" \/>\n<meta name=\"twitter:label1\" content=\"\u00c9crit par\" \/>\n\t<meta name=\"twitter:data1\" content=\"berta_admin\" \/>\n\t<meta name=\"twitter:label2\" content=\"Dur\u00e9e de lecture estim\u00e9e\" \/>\n\t<meta name=\"twitter:data2\" content=\"5 minutes\" \/>\n<script type=\"application\/ld+json\" class=\"yoast-schema-graph\">{\"@context\":\"https:\/\/schema.org\",\"@graph\":[{\"@type\":\"Article\",\"@id\":\"https:\/\/iph-multisite.berta-bewegt.ch\/fr\/blog\/financement-uniforme-pour-un-systeme-de-sante-plus-juste-et-plus-efficace\/#article\",\"isPartOf\":{\"@id\":\"https:\/\/iph-multisite.berta-bewegt.ch\/fr\/blog\/financement-uniforme-pour-un-systeme-de-sante-plus-juste-et-plus-efficace\/\"},\"author\":{\"name\":\"berta_admin\",\"@id\":\"https:\/\/iph-multisite.berta-bewegt.ch\/#\/schema\/person\/749c3574947ecc016332eb58d91e45a3\"},\"headline\":\"Financement uniforme\u00a0\u2013 pour un syst\u00e8me de sant\u00e9 plus juste et plus efficace\",\"datePublished\":\"2024-10-08T16:30:28+00:00\",\"dateModified\":\"2026-03-03T09:32:36+00:00\",\"mainEntityOfPage\":{\"@id\":\"https:\/\/iph-multisite.berta-bewegt.ch\/fr\/blog\/financement-uniforme-pour-un-systeme-de-sante-plus-juste-et-plus-efficace\/\"},\"wordCount\":789,\"image\":{\"@id\":\"https:\/\/iph-multisite.berta-bewegt.ch\/fr\/blog\/financement-uniforme-pour-un-systeme-de-sante-plus-juste-et-plus-efficace\/#primaryimage\"},\"thumbnailUrl\":\"https:\/\/iph-multisite.berta-bewegt.ch\/wp-content\/uploads\/2024\/10\/ef_sujet_messages_16x9_FR-1.jpg\",\"keywords\":[\"M\u00e9dias\",\"Politique\",\"efas\"],\"inLanguage\":\"fr-FR\",\"copyrightYear\":\"2024\",\"copyrightHolder\":{\"@id\":\"https:\/\/iph-multisite.berta-bewegt.ch\/#organization\"}},{\"@type\":\"WebPage\",\"@id\":\"https:\/\/iph-multisite.berta-bewegt.ch\/fr\/blog\/financement-uniforme-pour-un-systeme-de-sante-plus-juste-et-plus-efficace\/\",\"url\":\"https:\/\/iph-multisite.berta-bewegt.ch\/fr\/blog\/financement-uniforme-pour-un-systeme-de-sante-plus-juste-et-plus-efficace\/\",\"name\":\"Financement uniforme\u00a0\u2013 pour un syst\u00e8me de sant\u00e9 plus juste et plus efficace - Interpharma\",\"isPartOf\":{\"@id\":\"https:\/\/iph-multisite.berta-bewegt.ch\/#website\"},\"primaryImageOfPage\":{\"@id\":\"https:\/\/iph-multisite.berta-bewegt.ch\/fr\/blog\/financement-uniforme-pour-un-systeme-de-sante-plus-juste-et-plus-efficace\/#primaryimage\"},\"image\":{\"@id\":\"https:\/\/iph-multisite.berta-bewegt.ch\/fr\/blog\/financement-uniforme-pour-un-systeme-de-sante-plus-juste-et-plus-efficace\/#primaryimage\"},\"thumbnailUrl\":\"https:\/\/iph-multisite.berta-bewegt.ch\/wp-content\/uploads\/2024\/10\/ef_sujet_messages_16x9_FR-1.jpg\",\"datePublished\":\"2024-10-08T16:30:28+00:00\",\"dateModified\":\"2026-03-03T09:32:36+00:00\",\"author\":{\"@id\":\"https:\/\/iph-multisite.berta-bewegt.ch\/#\/schema\/person\/749c3574947ecc016332eb58d91e45a3\"},\"breadcrumb\":{\"@id\":\"https:\/\/iph-multisite.berta-bewegt.ch\/fr\/blog\/financement-uniforme-pour-un-systeme-de-sante-plus-juste-et-plus-efficace\/#breadcrumb\"},\"inLanguage\":\"fr-FR\",\"potentialAction\":[{\"@type\":\"ReadAction\",\"target\":[\"https:\/\/iph-multisite.berta-bewegt.ch\/fr\/blog\/financement-uniforme-pour-un-systeme-de-sante-plus-juste-et-plus-efficace\/\"]}]},{\"@type\":\"ImageObject\",\"inLanguage\":\"fr-FR\",\"@id\":\"https:\/\/iph-multisite.berta-bewegt.ch\/fr\/blog\/financement-uniforme-pour-un-systeme-de-sante-plus-juste-et-plus-efficace\/#primaryimage\",\"url\":\"https:\/\/iph-multisite.berta-bewegt.ch\/wp-content\/uploads\/2024\/10\/ef_sujet_messages_16x9_FR-1.jpg\",\"contentUrl\":\"https:\/\/iph-multisite.berta-bewegt.ch\/wp-content\/uploads\/2024\/10\/ef_sujet_messages_16x9_FR-1.jpg\",\"width\":1080,\"height\":566},{\"@type\":\"BreadcrumbList\",\"@id\":\"https:\/\/iph-multisite.berta-bewegt.ch\/fr\/blog\/financement-uniforme-pour-un-systeme-de-sante-plus-juste-et-plus-efficace\/#breadcrumb\",\"itemListElement\":[{\"@type\":\"ListItem\",\"position\":1,\"name\":\"Startseite\",\"item\":\"https:\/\/iph-multisite.berta-bewegt.ch\/fr\/\"},{\"@type\":\"ListItem\",\"position\":2,\"name\":\"Financement uniforme\u00a0\u2013 pour un syst\u00e8me de sant\u00e9 plus juste et plus efficace\"}]},{\"@type\":\"WebSite\",\"@id\":\"https:\/\/iph-multisite.berta-bewegt.ch\/#website\",\"url\":\"https:\/\/iph-multisite.berta-bewegt.ch\/\",\"name\":\"Interpharma\",\"description\":\"Verband der forschenden Pharmazeutischen Firmen\",\"potentialAction\":[{\"@type\":\"SearchAction\",\"target\":{\"@type\":\"EntryPoint\",\"urlTemplate\":\"https:\/\/iph-multisite.berta-bewegt.ch\/?s={search_term_string}\"},\"query-input\":{\"@type\":\"PropertyValueSpecification\",\"valueRequired\":true,\"valueName\":\"search_term_string\"}}],\"inLanguage\":\"fr-FR\"},{\"@type\":\"Person\",\"@id\":\"https:\/\/iph-multisite.berta-bewegt.ch\/#\/schema\/person\/749c3574947ecc016332eb58d91e45a3\",\"name\":\"berta_admin\",\"image\":{\"@type\":\"ImageObject\",\"inLanguage\":\"fr-FR\",\"@id\":\"https:\/\/secure.gravatar.com\/avatar\/a2aeb00900e30743ff2859dfc3dd11cf7e64bb4ec7a1f349ee3772658a1d087d?s=96&d=mm&r=g\",\"url\":\"https:\/\/secure.gravatar.com\/avatar\/a2aeb00900e30743ff2859dfc3dd11cf7e64bb4ec7a1f349ee3772658a1d087d?s=96&d=mm&r=g\",\"contentUrl\":\"https:\/\/secure.gravatar.com\/avatar\/a2aeb00900e30743ff2859dfc3dd11cf7e64bb4ec7a1f349ee3772658a1d087d?s=96&d=mm&r=g\",\"caption\":\"berta_admin\"},\"sameAs\":[\"https:\/\/iph-multisite.berta-bewegt.ch\"]}]}<\/script>\n<!-- \/ Yoast SEO plugin. -->","yoast_head_json":{"title":"Financement uniforme\u00a0\u2013 pour un syst\u00e8me de sant\u00e9 plus juste et plus efficace - Interpharma","robots":{"index":"noindex","follow":"follow","max-snippet":"max-snippet:-1","max-image-preview":"max-image-preview:large","max-video-preview":"max-video-preview:-1"},"og_locale":"fr_FR","og_type":"article","og_title":"Financement uniforme\u00a0\u2013 pour un syst\u00e8me de sant\u00e9 plus juste et plus efficace - Interpharma","og_description":"Le financement uniforme des prestations ambulatoires et stationnaires (EFAS) permettra de simplifier notre syst\u00e8me de sant\u00e9 complexe, de r\u00e9duire les incitations inopportunes et, in fine, de r\u00e9aliser d\u2019importantes \u00e9conomies, sans que la qualit\u00e9 du syst\u00e8me de sant\u00e9 n\u2019en p\u00e2tisse. Une vaste alliance regroupant 22\u00a0organisations issues de l\u2019ensemble du syst\u00e8me de sant\u00e9 soutient la d\u00e9cision parlementaire.\u00a0Interpharma [&hellip;]","og_url":"https:\/\/iph-multisite.berta-bewegt.ch\/fr\/blog\/financement-uniforme-pour-un-systeme-de-sante-plus-juste-et-plus-efficace\/","og_site_name":"Interpharma","article_published_time":"2024-10-08T16:30:28+00:00","article_modified_time":"2026-03-03T09:32:36+00:00","og_image":[{"width":1080,"height":566,"url":"https:\/\/iph-multisite.berta-bewegt.ch\/wp-content\/uploads\/2024\/10\/ef_sujet_messages_16x9_FR-1.jpg","type":"image\/jpeg"}],"author":"berta_admin","twitter_card":"summary_large_image","twitter_misc":{"\u00c9crit par":"berta_admin","Dur\u00e9e de lecture estim\u00e9e":"5 minutes"},"schema":{"@context":"https:\/\/schema.org","@graph":[{"@type":"Article","@id":"https:\/\/iph-multisite.berta-bewegt.ch\/fr\/blog\/financement-uniforme-pour-un-systeme-de-sante-plus-juste-et-plus-efficace\/#article","isPartOf":{"@id":"https:\/\/iph-multisite.berta-bewegt.ch\/fr\/blog\/financement-uniforme-pour-un-systeme-de-sante-plus-juste-et-plus-efficace\/"},"author":{"name":"berta_admin","@id":"https:\/\/iph-multisite.berta-bewegt.ch\/#\/schema\/person\/749c3574947ecc016332eb58d91e45a3"},"headline":"Financement uniforme\u00a0\u2013 pour un syst\u00e8me de sant\u00e9 plus juste et plus efficace","datePublished":"2024-10-08T16:30:28+00:00","dateModified":"2026-03-03T09:32:36+00:00","mainEntityOfPage":{"@id":"https:\/\/iph-multisite.berta-bewegt.ch\/fr\/blog\/financement-uniforme-pour-un-systeme-de-sante-plus-juste-et-plus-efficace\/"},"wordCount":789,"image":{"@id":"https:\/\/iph-multisite.berta-bewegt.ch\/fr\/blog\/financement-uniforme-pour-un-systeme-de-sante-plus-juste-et-plus-efficace\/#primaryimage"},"thumbnailUrl":"https:\/\/iph-multisite.berta-bewegt.ch\/wp-content\/uploads\/2024\/10\/ef_sujet_messages_16x9_FR-1.jpg","keywords":["M\u00e9dias","Politique","efas"],"inLanguage":"fr-FR","copyrightYear":"2024","copyrightHolder":{"@id":"https:\/\/iph-multisite.berta-bewegt.ch\/#organization"}},{"@type":"WebPage","@id":"https:\/\/iph-multisite.berta-bewegt.ch\/fr\/blog\/financement-uniforme-pour-un-systeme-de-sante-plus-juste-et-plus-efficace\/","url":"https:\/\/iph-multisite.berta-bewegt.ch\/fr\/blog\/financement-uniforme-pour-un-systeme-de-sante-plus-juste-et-plus-efficace\/","name":"Financement uniforme\u00a0\u2013 pour un syst\u00e8me de sant\u00e9 plus juste et plus efficace - Interpharma","isPartOf":{"@id":"https:\/\/iph-multisite.berta-bewegt.ch\/#website"},"primaryImageOfPage":{"@id":"https:\/\/iph-multisite.berta-bewegt.ch\/fr\/blog\/financement-uniforme-pour-un-systeme-de-sante-plus-juste-et-plus-efficace\/#primaryimage"},"image":{"@id":"https:\/\/iph-multisite.berta-bewegt.ch\/fr\/blog\/financement-uniforme-pour-un-systeme-de-sante-plus-juste-et-plus-efficace\/#primaryimage"},"thumbnailUrl":"https:\/\/iph-multisite.berta-bewegt.ch\/wp-content\/uploads\/2024\/10\/ef_sujet_messages_16x9_FR-1.jpg","datePublished":"2024-10-08T16:30:28+00:00","dateModified":"2026-03-03T09:32:36+00:00","author":{"@id":"https:\/\/iph-multisite.berta-bewegt.ch\/#\/schema\/person\/749c3574947ecc016332eb58d91e45a3"},"breadcrumb":{"@id":"https:\/\/iph-multisite.berta-bewegt.ch\/fr\/blog\/financement-uniforme-pour-un-systeme-de-sante-plus-juste-et-plus-efficace\/#breadcrumb"},"inLanguage":"fr-FR","potentialAction":[{"@type":"ReadAction","target":["https:\/\/iph-multisite.berta-bewegt.ch\/fr\/blog\/financement-uniforme-pour-un-systeme-de-sante-plus-juste-et-plus-efficace\/"]}]},{"@type":"ImageObject","inLanguage":"fr-FR","@id":"https:\/\/iph-multisite.berta-bewegt.ch\/fr\/blog\/financement-uniforme-pour-un-systeme-de-sante-plus-juste-et-plus-efficace\/#primaryimage","url":"https:\/\/iph-multisite.berta-bewegt.ch\/wp-content\/uploads\/2024\/10\/ef_sujet_messages_16x9_FR-1.jpg","contentUrl":"https:\/\/iph-multisite.berta-bewegt.ch\/wp-content\/uploads\/2024\/10\/ef_sujet_messages_16x9_FR-1.jpg","width":1080,"height":566},{"@type":"BreadcrumbList","@id":"https:\/\/iph-multisite.berta-bewegt.ch\/fr\/blog\/financement-uniforme-pour-un-systeme-de-sante-plus-juste-et-plus-efficace\/#breadcrumb","itemListElement":[{"@type":"ListItem","position":1,"name":"Startseite","item":"https:\/\/iph-multisite.berta-bewegt.ch\/fr\/"},{"@type":"ListItem","position":2,"name":"Financement uniforme\u00a0\u2013 pour un syst\u00e8me de sant\u00e9 plus juste et plus efficace"}]},{"@type":"WebSite","@id":"https:\/\/iph-multisite.berta-bewegt.ch\/#website","url":"https:\/\/iph-multisite.berta-bewegt.ch\/","name":"Interpharma","description":"Verband der forschenden Pharmazeutischen Firmen","potentialAction":[{"@type":"SearchAction","target":{"@type":"EntryPoint","urlTemplate":"https:\/\/iph-multisite.berta-bewegt.ch\/?s={search_term_string}"},"query-input":{"@type":"PropertyValueSpecification","valueRequired":true,"valueName":"search_term_string"}}],"inLanguage":"fr-FR"},{"@type":"Person","@id":"https:\/\/iph-multisite.berta-bewegt.ch\/#\/schema\/person\/749c3574947ecc016332eb58d91e45a3","name":"berta_admin","image":{"@type":"ImageObject","inLanguage":"fr-FR","@id":"https:\/\/secure.gravatar.com\/avatar\/a2aeb00900e30743ff2859dfc3dd11cf7e64bb4ec7a1f349ee3772658a1d087d?s=96&d=mm&r=g","url":"https:\/\/secure.gravatar.com\/avatar\/a2aeb00900e30743ff2859dfc3dd11cf7e64bb4ec7a1f349ee3772658a1d087d?s=96&d=mm&r=g","contentUrl":"https:\/\/secure.gravatar.com\/avatar\/a2aeb00900e30743ff2859dfc3dd11cf7e64bb4ec7a1f349ee3772658a1d087d?s=96&d=mm&r=g","caption":"berta_admin"},"sameAs":["https:\/\/iph-multisite.berta-bewegt.ch"]}]}},"_links":{"self":[{"href":"https:\/\/iph-multisite.berta-bewegt.ch\/fr\/wp-json\/wp\/v2\/posts\/12268","targetHints":{"allow":["GET"]}}],"collection":[{"href":"https:\/\/iph-multisite.berta-bewegt.ch\/fr\/wp-json\/wp\/v2\/posts"}],"about":[{"href":"https:\/\/iph-multisite.berta-bewegt.ch\/fr\/wp-json\/wp\/v2\/types\/post"}],"author":[{"embeddable":true,"href":"https:\/\/iph-multisite.berta-bewegt.ch\/fr\/wp-json\/wp\/v2\/users\/1"}],"replies":[{"embeddable":true,"href":"https:\/\/iph-multisite.berta-bewegt.ch\/fr\/wp-json\/wp\/v2\/comments?post=12268"}],"version-history":[{"count":1,"href":"https:\/\/iph-multisite.berta-bewegt.ch\/fr\/wp-json\/wp\/v2\/posts\/12268\/revisions"}],"predecessor-version":[{"id":12269,"href":"https:\/\/iph-multisite.berta-bewegt.ch\/fr\/wp-json\/wp\/v2\/posts\/12268\/revisions\/12269"}],"wp:featuredmedia":[{"embeddable":true,"href":"https:\/\/iph-multisite.berta-bewegt.ch\/fr\/wp-json\/wp\/v2\/media\/14378"}],"wp:attachment":[{"href":"https:\/\/iph-multisite.berta-bewegt.ch\/fr\/wp-json\/wp\/v2\/media?parent=12268"}],"wp:term":[{"taxonomy":"post_tag","embeddable":true,"href":"https:\/\/iph-multisite.berta-bewegt.ch\/fr\/wp-json\/wp\/v2\/tags?post=12268"}],"curies":[{"name":"wp","href":"https:\/\/api.w.org\/{rel}","templated":true}]}}