{"id":12973,"date":"2022-05-31T10:00:00","date_gmt":"2022-05-31T08:00:00","guid":{"rendered":"https:\/\/iph-multisite.berta-bewegt.ch\/?p=12973"},"modified":"2026-03-03T10:53:34","modified_gmt":"2026-03-03T09:53:34","slug":"medienmitteilung-auslandpreisvergleich-medikamente-preisdifferenz-zum-ausland-nimmt-zu-markante-preisunterscheide-auch-bei-generika-und-biosimilars","status":"publish","type":"post","link":"https:\/\/iph-multisite.berta-bewegt.ch\/fr\/blog\/medienmitteilung-auslandpreisvergleich-medikamente-preisdifferenz-zum-ausland-nimmt-zu-markante-preisunterscheide-auch-bei-generika-und-biosimilars\/","title":{"rendered":"Communiqu\u00e9 de presse: Comparaison de prix des m\u00e9dicaments avec l&rsquo;\u00e9tranger: l&rsquo;\u00e9cart augmente et les diff\u00e9rences de prix des g\u00e9n\u00e9riques et des biosimilaires sont \u00e9galement marqu\u00e9es"},"content":{"rendered":"\n<p class=\"is-style-paragraph-lead-text\"><strong>Dans les pays \u00e9trangers europ\u00e9ens, le niveau de prix des m\u00e9dicaments prot\u00e9g\u00e9s par un brevet est en moyenne 8.8% inf\u00e9rieur \u00e0 celui de la Suisse, les pr\u00e9parations originales dont le brevet a expir\u00e9 co\u00fbtent 15.4% moins cher \u00e0 l\u2019\u00e9tranger. Les diff\u00e9rences de prix sont particuli\u00e8rement importantes pour les g\u00e9n\u00e9riques, en moyenne 48.4% moins chers dans les pays de comparaison; les Suisses-ses d\u00e9boursent donc le double des habitant-e-s des pays de comparaison. Nouveaut\u00e9 cette ann\u00e9e: la comparaison de prix a port\u00e9 \u00e9galement sur les biosimilaires, c\u2019est-\u00e0-dire les g\u00e9n\u00e9riques de m\u00e9dicaments biologiques. Ceux-ci sont en moyenne 33.5% moins chers dans les pays de comparaison qu\u2019en Suisse. C\u2019est ce que montre la treizi\u00e8me comparaison de prix avec l\u2019\u00e9tranger r\u00e9alis\u00e9e en commun par sant\u00e9suisse et Interpharma, pour laquelle les prix de fabrique actuels des m\u00e9dicaments sont compar\u00e9s avec ceux d\u2019autres pays europ\u00e9ens. L\u2019\u00e9cart de prix s\u2019est creus\u00e9 par rapport \u00e0 l\u2019ann\u00e9e pr\u00e9c\u00e9dente, ceci en particulier en raison de l\u2019\u00e9volution du taux de change.<\/strong><strong><\/strong><\/p>\n\n\n\n<p>D\u2019apr\u00e8s la comparaison de prix avec l\u2019\u00e9tranger de cette ann\u00e9e, sur la base d\u2019un taux de change de CHF\/EUR = 1.07 appliqu\u00e9 par l\u2019OFSP pour le contr\u00f4le, les 250 pr\u00e9parations originales brevet\u00e9es figurant en Suisse dans la liste des sp\u00e9cialit\u00e9s et affichant le plus gros chiffre d\u2019affaires \u00e9taient, en moyenne, 8.8% moins ch\u00e8res dans les pays \u00e9trangers comparables qu\u2019en Suisse. L\u2019accroissement de la diff\u00e9rence par rapport \u00e0 l\u2019ann\u00e9e pr\u00e9c\u00e9dente (6.9%) est d\u00fb en particulier \u00e0 l\u2019\u00e9volution du taux de change.<\/p>\n\n\n\n<p>Ren\u00e9 Buholzer, directeur d\u2019Interpharma, d\u00e9clare \u00e0 ce sujet: <\/p>\n\n\n\n<blockquote class=\"wp-block-quote is-layout-flow wp-block-quote-is-layout-flow\"><p>\u00abLes m\u00e9dicaments ne sont pas les moteurs de chert\u00e9 du syst\u00e8me de sant\u00e9. Depuis des ann\u00e9es, ils ne repr\u00e9sentent que 12% du volume global des co\u00fbts. En outre, du fait du r\u00e9examen r\u00e9gulier des prix prescrit par la loi, la branche pharmaceutique contribue de mani\u00e8re continue aux \u00e9conomies r\u00e9alis\u00e9es, \u00e0 ce jour pour plus de 1.2&nbsp;milliards de francs. Un autre \u00e9l\u00e9ment qui co\u00fbte plus cher aux patientes et patients est le retard \u00e9norme d\u2019admission des m\u00e9dicaments innovants dans la liste des sp\u00e9cialit\u00e9s. Il est urgent d\u2019agir \u00e0 cet \u00e9gard, c\u2019est pourquoi nous proposons un remboursement de l\u2019acc\u00e8s \u00e0 l\u2019innovation bas\u00e9 sur un prix provisoire. Ainsi, les personnes peuvent b\u00e9n\u00e9ficier directement et sans risques des innovations pharmaceutiques, car le fabricant rembourse la diff\u00e9rence entre le prix provisoire et le prix d\u00e9finitif du nouveau m\u00e9dicament.\u00bb<\/p><\/blockquote>\n\n\n\n<p>Pour les g\u00e9n\u00e9riques, la diff\u00e9rence de prix avec l\u2019\u00e9tranger est de 48.4%. Les g\u00e9n\u00e9riques restent donc en moyenne pr\u00e8s de deux fois plus chers en Suisse que dans les pays de comparaison. Par rapport \u00e0 l\u2019ann\u00e9e pr\u00e9c\u00e9dente (43.5%), la diff\u00e9rence de prix des g\u00e9n\u00e9riques a encore augment\u00e9. Les biosimilaires sont des g\u00e9n\u00e9riques fabriqu\u00e9s par des m\u00e9thodes biologiques et co\u00fbtent souvent tr\u00e8s cher. D\u2019apr\u00e8s la comparaison de prix r\u00e9alis\u00e9e pour la premi\u00e8re fois dans ce domaine, ils sont en moyenne 33.5%, donc environ un tiers moins chers \u00e0 l\u2019\u00e9tranger qu\u2019en Suisse. Les biosimilaires prennent de plus en plus d\u2019importance chez nos voisins europ\u00e9ens. Les prix des g\u00e9n\u00e9riques et des biosimilaires sont d\u00e9termin\u00e9s par l\u2019Office f\u00e9d\u00e9ral de la sant\u00e9 publique \u00e0 l\u2019aide d\u2019une r\u00e8gle d\u2019\u00e9cart de prix fixe par rapport au produit original. Christoph Kilchenmann, directeur rempla\u00e7ant de sant\u00e9suisse, d\u00e9clare \u00e0 ce sujet: <\/p>\n\n\n\n<blockquote class=\"wp-block-quote is-layout-flow wp-block-quote-is-layout-flow\"><p>\u00abLes payeuses et payeurs de primes d\u00e9boursent malheureusement beaucoup trop pour les m\u00e9dicaments. Ceci se r\u00e9percute directement sur le montant des primes. Il s\u2019agit de quelque 300&nbsp;millions de francs de plus que dans les pays de comparaison pour les m\u00e9dicaments prot\u00e9g\u00e9s par un brevet et de 350&nbsp;millions pour les g\u00e9n\u00e9riques et biosimilaires. H\u00e9las, le Parlement a r\u00e9cemment manqu\u00e9 l\u2019occasion de changer quelque chose \u00e0 cette situation. Il faut \u00e0 pr\u00e9sent entreprendre une nouvelle tentative de ramener au niveau europ\u00e9en les prix exag\u00e9r\u00e9s.\u00bb<\/p><\/blockquote>\n\n\n\n<p>C\u2019est d\u00e9j\u00e0 la treizi\u00e8me fois que l\u2019association fa\u00eeti\u00e8re de l\u2019assurance-maladie sant\u00e9suisse et l\u2019association de branche de l\u2019industrie pharmaceutique pratiquant la recherche Interpharma r\u00e9alisent conjointement une comparaison du prix des m\u00e9dicaments avec l\u2019\u00e9tranger. \u00c0 cet effet, les prix de fabrique pratiqu\u00e9s en Suisse pour les pr\u00e9parations originales prot\u00e9g\u00e9es par un brevet et pour celles tomb\u00e9es dans le domaine public ainsi que pour les g\u00e9n\u00e9riques et les biosimilaires ont \u00e9t\u00e9 compar\u00e9s avec ceux de l\u2019Allemagne, de l\u2019Autriche, de la Belgique, du Danemark, de la Finlande, de la France, de la Grande-Bretagne, des Pays-Bas et de la Su\u00e8de. La comparaison a \u00e9t\u00e9 r\u00e9alis\u00e9e en avril 2022 pour les produits prot\u00e9g\u00e9s par un brevet, en f\u00e9vrier 2022 pour les produits originaux tomb\u00e9s dans le domaine public, les g\u00e9n\u00e9riques et les biosimilaires.<\/p>\n","protected":false},"excerpt":{"rendered":"<p>Dans les pays \u00e9trangers europ\u00e9ens, le niveau de prix des m\u00e9dicaments prot\u00e9g\u00e9s par un brevet est en moyenne 8.8% inf\u00e9rieur \u00e0 celui de la Suisse, les pr\u00e9parations originales dont le brevet a expir\u00e9 co\u00fbtent 15.4% moins cher \u00e0 l\u2019\u00e9tranger. Les diff\u00e9rences de prix sont particuli\u00e8rement importantes pour les g\u00e9n\u00e9riques, en moyenne 48.4% moins chers dans [&hellip;]<\/p>\n","protected":false},"author":1,"featured_media":2284,"comment_status":"closed","ping_status":"open","sticky":false,"template":"","format":"standard","meta":{"_acf_changed":false,"inline_featured_image":false,"footnotes":""},"tags":[122],"class_list":["post-12973","post","type-post","status-publish","format-standard","has-post-thumbnail","hentry","tag-communique-de-presse"],"acf":[],"yoast_head":"<!-- This site is optimized with the Yoast SEO plugin v27.2 - https:\/\/yoast.com\/product\/yoast-seo-wordpress\/ -->\n<title>Communiqu\u00e9 de presse: Comparaison de prix des m\u00e9dicaments avec l&#039;\u00e9tranger: l&#039;\u00e9cart augmente et les diff\u00e9rences de prix des g\u00e9n\u00e9riques et des biosimilaires sont \u00e9galement marqu\u00e9es - Interpharma<\/title>\n<meta name=\"robots\" content=\"noindex, follow, max-snippet:-1, max-image-preview:large, max-video-preview:-1\" \/>\n<meta property=\"og:locale\" content=\"fr_FR\" \/>\n<meta property=\"og:type\" content=\"article\" \/>\n<meta property=\"og:title\" content=\"Communiqu\u00e9 de presse: Comparaison de prix des m\u00e9dicaments avec l&#039;\u00e9tranger: l&#039;\u00e9cart augmente et les diff\u00e9rences de prix des g\u00e9n\u00e9riques et des biosimilaires sont \u00e9galement marqu\u00e9es - Interpharma\" \/>\n<meta property=\"og:description\" content=\"Dans les pays \u00e9trangers europ\u00e9ens, le niveau de prix des m\u00e9dicaments prot\u00e9g\u00e9s par un brevet est en moyenne 8.8% inf\u00e9rieur \u00e0 celui de la Suisse, les pr\u00e9parations originales dont le brevet a expir\u00e9 co\u00fbtent 15.4% moins cher \u00e0 l\u2019\u00e9tranger. Les diff\u00e9rences de prix sont particuli\u00e8rement importantes pour les g\u00e9n\u00e9riques, en moyenne 48.4% moins chers dans [&hellip;]\" \/>\n<meta property=\"og:url\" content=\"https:\/\/iph-multisite.berta-bewegt.ch\/fr\/blog\/medienmitteilung-auslandpreisvergleich-medikamente-preisdifferenz-zum-ausland-nimmt-zu-markante-preisunterscheide-auch-bei-generika-und-biosimilars\/\" \/>\n<meta property=\"og:site_name\" content=\"Interpharma\" \/>\n<meta property=\"article:published_time\" content=\"2022-05-31T08:00:00+00:00\" \/>\n<meta property=\"article:modified_time\" content=\"2026-03-03T09:53:34+00:00\" \/>\n<meta property=\"og:image\" content=\"https:\/\/iph-multisite.berta-bewegt.ch\/wp-content\/uploads\/2022\/05\/APV-F1.png\" \/>\n\t<meta property=\"og:image:width\" content=\"1011\" \/>\n\t<meta property=\"og:image:height\" content=\"573\" \/>\n\t<meta property=\"og:image:type\" content=\"image\/png\" \/>\n<meta name=\"author\" content=\"berta_admin\" \/>\n<meta name=\"twitter:card\" content=\"summary_large_image\" \/>\n<meta name=\"twitter:label1\" content=\"\u00c9crit par\" \/>\n\t<meta name=\"twitter:data1\" content=\"berta_admin\" \/>\n\t<meta name=\"twitter:label2\" content=\"Dur\u00e9e de lecture estim\u00e9e\" \/>\n\t<meta name=\"twitter:data2\" content=\"4 minutes\" \/>\n<script type=\"application\/ld+json\" class=\"yoast-schema-graph\">{\"@context\":\"https:\/\/schema.org\",\"@graph\":[{\"@type\":\"Article\",\"@id\":\"https:\/\/iph-multisite.berta-bewegt.ch\/fr\/blog\/medienmitteilung-auslandpreisvergleich-medikamente-preisdifferenz-zum-ausland-nimmt-zu-markante-preisunterscheide-auch-bei-generika-und-biosimilars\/#article\",\"isPartOf\":{\"@id\":\"https:\/\/iph-multisite.berta-bewegt.ch\/fr\/blog\/medienmitteilung-auslandpreisvergleich-medikamente-preisdifferenz-zum-ausland-nimmt-zu-markante-preisunterscheide-auch-bei-generika-und-biosimilars\/\"},\"author\":{\"name\":\"berta_admin\",\"@id\":\"https:\/\/iph-multisite.berta-bewegt.ch\/#\/schema\/person\/749c3574947ecc016332eb58d91e45a3\"},\"headline\":\"Communiqu\u00e9 de presse: Comparaison de prix des m\u00e9dicaments avec l&rsquo;\u00e9tranger: l&rsquo;\u00e9cart augmente et les diff\u00e9rences de prix des g\u00e9n\u00e9riques et des biosimilaires sont \u00e9galement marqu\u00e9es\",\"datePublished\":\"2022-05-31T08:00:00+00:00\",\"dateModified\":\"2026-03-03T09:53:34+00:00\",\"mainEntityOfPage\":{\"@id\":\"https:\/\/iph-multisite.berta-bewegt.ch\/fr\/blog\/medienmitteilung-auslandpreisvergleich-medikamente-preisdifferenz-zum-ausland-nimmt-zu-markante-preisunterscheide-auch-bei-generika-und-biosimilars\/\"},\"wordCount\":912,\"image\":{\"@id\":\"https:\/\/iph-multisite.berta-bewegt.ch\/fr\/blog\/medienmitteilung-auslandpreisvergleich-medikamente-preisdifferenz-zum-ausland-nimmt-zu-markante-preisunterscheide-auch-bei-generika-und-biosimilars\/#primaryimage\"},\"thumbnailUrl\":\"https:\/\/iph-multisite.berta-bewegt.ch\/wp-content\/uploads\/2022\/05\/APV-F1.png\",\"keywords\":[\"Communiqu\u00e9 de presse\"],\"inLanguage\":\"fr-FR\",\"copyrightYear\":\"2022\",\"copyrightHolder\":{\"@id\":\"https:\/\/iph-multisite.berta-bewegt.ch\/#organization\"}},{\"@type\":\"WebPage\",\"@id\":\"https:\/\/iph-multisite.berta-bewegt.ch\/fr\/blog\/medienmitteilung-auslandpreisvergleich-medikamente-preisdifferenz-zum-ausland-nimmt-zu-markante-preisunterscheide-auch-bei-generika-und-biosimilars\/\",\"url\":\"https:\/\/iph-multisite.berta-bewegt.ch\/fr\/blog\/medienmitteilung-auslandpreisvergleich-medikamente-preisdifferenz-zum-ausland-nimmt-zu-markante-preisunterscheide-auch-bei-generika-und-biosimilars\/\",\"name\":\"Communiqu\u00e9 de presse: Comparaison de prix des m\u00e9dicaments avec l'\u00e9tranger: l'\u00e9cart augmente et les diff\u00e9rences de prix des g\u00e9n\u00e9riques et des biosimilaires sont \u00e9galement marqu\u00e9es - Interpharma\",\"isPartOf\":{\"@id\":\"https:\/\/iph-multisite.berta-bewegt.ch\/#website\"},\"primaryImageOfPage\":{\"@id\":\"https:\/\/iph-multisite.berta-bewegt.ch\/fr\/blog\/medienmitteilung-auslandpreisvergleich-medikamente-preisdifferenz-zum-ausland-nimmt-zu-markante-preisunterscheide-auch-bei-generika-und-biosimilars\/#primaryimage\"},\"image\":{\"@id\":\"https:\/\/iph-multisite.berta-bewegt.ch\/fr\/blog\/medienmitteilung-auslandpreisvergleich-medikamente-preisdifferenz-zum-ausland-nimmt-zu-markante-preisunterscheide-auch-bei-generika-und-biosimilars\/#primaryimage\"},\"thumbnailUrl\":\"https:\/\/iph-multisite.berta-bewegt.ch\/wp-content\/uploads\/2022\/05\/APV-F1.png\",\"datePublished\":\"2022-05-31T08:00:00+00:00\",\"dateModified\":\"2026-03-03T09:53:34+00:00\",\"author\":{\"@id\":\"https:\/\/iph-multisite.berta-bewegt.ch\/#\/schema\/person\/749c3574947ecc016332eb58d91e45a3\"},\"breadcrumb\":{\"@id\":\"https:\/\/iph-multisite.berta-bewegt.ch\/fr\/blog\/medienmitteilung-auslandpreisvergleich-medikamente-preisdifferenz-zum-ausland-nimmt-zu-markante-preisunterscheide-auch-bei-generika-und-biosimilars\/#breadcrumb\"},\"inLanguage\":\"fr-FR\",\"potentialAction\":[{\"@type\":\"ReadAction\",\"target\":[\"https:\/\/iph-multisite.berta-bewegt.ch\/fr\/blog\/medienmitteilung-auslandpreisvergleich-medikamente-preisdifferenz-zum-ausland-nimmt-zu-markante-preisunterscheide-auch-bei-generika-und-biosimilars\/\"]}]},{\"@type\":\"ImageObject\",\"inLanguage\":\"fr-FR\",\"@id\":\"https:\/\/iph-multisite.berta-bewegt.ch\/fr\/blog\/medienmitteilung-auslandpreisvergleich-medikamente-preisdifferenz-zum-ausland-nimmt-zu-markante-preisunterscheide-auch-bei-generika-und-biosimilars\/#primaryimage\",\"url\":\"https:\/\/iph-multisite.berta-bewegt.ch\/wp-content\/uploads\/2022\/05\/APV-F1.png\",\"contentUrl\":\"https:\/\/iph-multisite.berta-bewegt.ch\/wp-content\/uploads\/2022\/05\/APV-F1.png\",\"width\":1011,\"height\":573},{\"@type\":\"BreadcrumbList\",\"@id\":\"https:\/\/iph-multisite.berta-bewegt.ch\/fr\/blog\/medienmitteilung-auslandpreisvergleich-medikamente-preisdifferenz-zum-ausland-nimmt-zu-markante-preisunterscheide-auch-bei-generika-und-biosimilars\/#breadcrumb\",\"itemListElement\":[{\"@type\":\"ListItem\",\"position\":1,\"name\":\"Startseite\",\"item\":\"https:\/\/iph-multisite.berta-bewegt.ch\/fr\/\"},{\"@type\":\"ListItem\",\"position\":2,\"name\":\"Communiqu\u00e9 de presse: Comparaison de prix des m\u00e9dicaments avec l&#8217;\u00e9tranger: l&#8217;\u00e9cart augmente et les diff\u00e9rences de prix des g\u00e9n\u00e9riques et des biosimilaires sont \u00e9galement marqu\u00e9es\"}]},{\"@type\":\"WebSite\",\"@id\":\"https:\/\/iph-multisite.berta-bewegt.ch\/#website\",\"url\":\"https:\/\/iph-multisite.berta-bewegt.ch\/\",\"name\":\"Interpharma\",\"description\":\"Verband der forschenden Pharmazeutischen Firmen\",\"potentialAction\":[{\"@type\":\"SearchAction\",\"target\":{\"@type\":\"EntryPoint\",\"urlTemplate\":\"https:\/\/iph-multisite.berta-bewegt.ch\/?s={search_term_string}\"},\"query-input\":{\"@type\":\"PropertyValueSpecification\",\"valueRequired\":true,\"valueName\":\"search_term_string\"}}],\"inLanguage\":\"fr-FR\"},{\"@type\":\"Person\",\"@id\":\"https:\/\/iph-multisite.berta-bewegt.ch\/#\/schema\/person\/749c3574947ecc016332eb58d91e45a3\",\"name\":\"berta_admin\",\"image\":{\"@type\":\"ImageObject\",\"inLanguage\":\"fr-FR\",\"@id\":\"https:\/\/secure.gravatar.com\/avatar\/a2aeb00900e30743ff2859dfc3dd11cf7e64bb4ec7a1f349ee3772658a1d087d?s=96&d=mm&r=g\",\"url\":\"https:\/\/secure.gravatar.com\/avatar\/a2aeb00900e30743ff2859dfc3dd11cf7e64bb4ec7a1f349ee3772658a1d087d?s=96&d=mm&r=g\",\"contentUrl\":\"https:\/\/secure.gravatar.com\/avatar\/a2aeb00900e30743ff2859dfc3dd11cf7e64bb4ec7a1f349ee3772658a1d087d?s=96&d=mm&r=g\",\"caption\":\"berta_admin\"},\"sameAs\":[\"https:\/\/iph-multisite.berta-bewegt.ch\"]}]}<\/script>\n<!-- \/ Yoast SEO plugin. -->","yoast_head_json":{"title":"Communiqu\u00e9 de presse: Comparaison de prix des m\u00e9dicaments avec l'\u00e9tranger: l'\u00e9cart augmente et les diff\u00e9rences de prix des g\u00e9n\u00e9riques et des biosimilaires sont \u00e9galement marqu\u00e9es - Interpharma","robots":{"index":"noindex","follow":"follow","max-snippet":"max-snippet:-1","max-image-preview":"max-image-preview:large","max-video-preview":"max-video-preview:-1"},"og_locale":"fr_FR","og_type":"article","og_title":"Communiqu\u00e9 de presse: Comparaison de prix des m\u00e9dicaments avec l'\u00e9tranger: l'\u00e9cart augmente et les diff\u00e9rences de prix des g\u00e9n\u00e9riques et des biosimilaires sont \u00e9galement marqu\u00e9es - Interpharma","og_description":"Dans les pays \u00e9trangers europ\u00e9ens, le niveau de prix des m\u00e9dicaments prot\u00e9g\u00e9s par un brevet est en moyenne 8.8% inf\u00e9rieur \u00e0 celui de la Suisse, les pr\u00e9parations originales dont le brevet a expir\u00e9 co\u00fbtent 15.4% moins cher \u00e0 l\u2019\u00e9tranger. Les diff\u00e9rences de prix sont particuli\u00e8rement importantes pour les g\u00e9n\u00e9riques, en moyenne 48.4% moins chers dans [&hellip;]","og_url":"https:\/\/iph-multisite.berta-bewegt.ch\/fr\/blog\/medienmitteilung-auslandpreisvergleich-medikamente-preisdifferenz-zum-ausland-nimmt-zu-markante-preisunterscheide-auch-bei-generika-und-biosimilars\/","og_site_name":"Interpharma","article_published_time":"2022-05-31T08:00:00+00:00","article_modified_time":"2026-03-03T09:53:34+00:00","og_image":[{"width":1011,"height":573,"url":"https:\/\/iph-multisite.berta-bewegt.ch\/wp-content\/uploads\/2022\/05\/APV-F1.png","type":"image\/png"}],"author":"berta_admin","twitter_card":"summary_large_image","twitter_misc":{"\u00c9crit par":"berta_admin","Dur\u00e9e de lecture estim\u00e9e":"4 minutes"},"schema":{"@context":"https:\/\/schema.org","@graph":[{"@type":"Article","@id":"https:\/\/iph-multisite.berta-bewegt.ch\/fr\/blog\/medienmitteilung-auslandpreisvergleich-medikamente-preisdifferenz-zum-ausland-nimmt-zu-markante-preisunterscheide-auch-bei-generika-und-biosimilars\/#article","isPartOf":{"@id":"https:\/\/iph-multisite.berta-bewegt.ch\/fr\/blog\/medienmitteilung-auslandpreisvergleich-medikamente-preisdifferenz-zum-ausland-nimmt-zu-markante-preisunterscheide-auch-bei-generika-und-biosimilars\/"},"author":{"name":"berta_admin","@id":"https:\/\/iph-multisite.berta-bewegt.ch\/#\/schema\/person\/749c3574947ecc016332eb58d91e45a3"},"headline":"Communiqu\u00e9 de presse: Comparaison de prix des m\u00e9dicaments avec l&rsquo;\u00e9tranger: l&rsquo;\u00e9cart augmente et les diff\u00e9rences de prix des g\u00e9n\u00e9riques et des biosimilaires sont \u00e9galement marqu\u00e9es","datePublished":"2022-05-31T08:00:00+00:00","dateModified":"2026-03-03T09:53:34+00:00","mainEntityOfPage":{"@id":"https:\/\/iph-multisite.berta-bewegt.ch\/fr\/blog\/medienmitteilung-auslandpreisvergleich-medikamente-preisdifferenz-zum-ausland-nimmt-zu-markante-preisunterscheide-auch-bei-generika-und-biosimilars\/"},"wordCount":912,"image":{"@id":"https:\/\/iph-multisite.berta-bewegt.ch\/fr\/blog\/medienmitteilung-auslandpreisvergleich-medikamente-preisdifferenz-zum-ausland-nimmt-zu-markante-preisunterscheide-auch-bei-generika-und-biosimilars\/#primaryimage"},"thumbnailUrl":"https:\/\/iph-multisite.berta-bewegt.ch\/wp-content\/uploads\/2022\/05\/APV-F1.png","keywords":["Communiqu\u00e9 de presse"],"inLanguage":"fr-FR","copyrightYear":"2022","copyrightHolder":{"@id":"https:\/\/iph-multisite.berta-bewegt.ch\/#organization"}},{"@type":"WebPage","@id":"https:\/\/iph-multisite.berta-bewegt.ch\/fr\/blog\/medienmitteilung-auslandpreisvergleich-medikamente-preisdifferenz-zum-ausland-nimmt-zu-markante-preisunterscheide-auch-bei-generika-und-biosimilars\/","url":"https:\/\/iph-multisite.berta-bewegt.ch\/fr\/blog\/medienmitteilung-auslandpreisvergleich-medikamente-preisdifferenz-zum-ausland-nimmt-zu-markante-preisunterscheide-auch-bei-generika-und-biosimilars\/","name":"Communiqu\u00e9 de presse: Comparaison de prix des m\u00e9dicaments avec l'\u00e9tranger: l'\u00e9cart augmente et les diff\u00e9rences de prix des g\u00e9n\u00e9riques et des biosimilaires sont \u00e9galement marqu\u00e9es - Interpharma","isPartOf":{"@id":"https:\/\/iph-multisite.berta-bewegt.ch\/#website"},"primaryImageOfPage":{"@id":"https:\/\/iph-multisite.berta-bewegt.ch\/fr\/blog\/medienmitteilung-auslandpreisvergleich-medikamente-preisdifferenz-zum-ausland-nimmt-zu-markante-preisunterscheide-auch-bei-generika-und-biosimilars\/#primaryimage"},"image":{"@id":"https:\/\/iph-multisite.berta-bewegt.ch\/fr\/blog\/medienmitteilung-auslandpreisvergleich-medikamente-preisdifferenz-zum-ausland-nimmt-zu-markante-preisunterscheide-auch-bei-generika-und-biosimilars\/#primaryimage"},"thumbnailUrl":"https:\/\/iph-multisite.berta-bewegt.ch\/wp-content\/uploads\/2022\/05\/APV-F1.png","datePublished":"2022-05-31T08:00:00+00:00","dateModified":"2026-03-03T09:53:34+00:00","author":{"@id":"https:\/\/iph-multisite.berta-bewegt.ch\/#\/schema\/person\/749c3574947ecc016332eb58d91e45a3"},"breadcrumb":{"@id":"https:\/\/iph-multisite.berta-bewegt.ch\/fr\/blog\/medienmitteilung-auslandpreisvergleich-medikamente-preisdifferenz-zum-ausland-nimmt-zu-markante-preisunterscheide-auch-bei-generika-und-biosimilars\/#breadcrumb"},"inLanguage":"fr-FR","potentialAction":[{"@type":"ReadAction","target":["https:\/\/iph-multisite.berta-bewegt.ch\/fr\/blog\/medienmitteilung-auslandpreisvergleich-medikamente-preisdifferenz-zum-ausland-nimmt-zu-markante-preisunterscheide-auch-bei-generika-und-biosimilars\/"]}]},{"@type":"ImageObject","inLanguage":"fr-FR","@id":"https:\/\/iph-multisite.berta-bewegt.ch\/fr\/blog\/medienmitteilung-auslandpreisvergleich-medikamente-preisdifferenz-zum-ausland-nimmt-zu-markante-preisunterscheide-auch-bei-generika-und-biosimilars\/#primaryimage","url":"https:\/\/iph-multisite.berta-bewegt.ch\/wp-content\/uploads\/2022\/05\/APV-F1.png","contentUrl":"https:\/\/iph-multisite.berta-bewegt.ch\/wp-content\/uploads\/2022\/05\/APV-F1.png","width":1011,"height":573},{"@type":"BreadcrumbList","@id":"https:\/\/iph-multisite.berta-bewegt.ch\/fr\/blog\/medienmitteilung-auslandpreisvergleich-medikamente-preisdifferenz-zum-ausland-nimmt-zu-markante-preisunterscheide-auch-bei-generika-und-biosimilars\/#breadcrumb","itemListElement":[{"@type":"ListItem","position":1,"name":"Startseite","item":"https:\/\/iph-multisite.berta-bewegt.ch\/fr\/"},{"@type":"ListItem","position":2,"name":"Communiqu\u00e9 de presse: Comparaison de prix des m\u00e9dicaments avec l&#8217;\u00e9tranger: l&#8217;\u00e9cart augmente et les diff\u00e9rences de prix des g\u00e9n\u00e9riques et des biosimilaires sont \u00e9galement marqu\u00e9es"}]},{"@type":"WebSite","@id":"https:\/\/iph-multisite.berta-bewegt.ch\/#website","url":"https:\/\/iph-multisite.berta-bewegt.ch\/","name":"Interpharma","description":"Verband der forschenden Pharmazeutischen Firmen","potentialAction":[{"@type":"SearchAction","target":{"@type":"EntryPoint","urlTemplate":"https:\/\/iph-multisite.berta-bewegt.ch\/?s={search_term_string}"},"query-input":{"@type":"PropertyValueSpecification","valueRequired":true,"valueName":"search_term_string"}}],"inLanguage":"fr-FR"},{"@type":"Person","@id":"https:\/\/iph-multisite.berta-bewegt.ch\/#\/schema\/person\/749c3574947ecc016332eb58d91e45a3","name":"berta_admin","image":{"@type":"ImageObject","inLanguage":"fr-FR","@id":"https:\/\/secure.gravatar.com\/avatar\/a2aeb00900e30743ff2859dfc3dd11cf7e64bb4ec7a1f349ee3772658a1d087d?s=96&d=mm&r=g","url":"https:\/\/secure.gravatar.com\/avatar\/a2aeb00900e30743ff2859dfc3dd11cf7e64bb4ec7a1f349ee3772658a1d087d?s=96&d=mm&r=g","contentUrl":"https:\/\/secure.gravatar.com\/avatar\/a2aeb00900e30743ff2859dfc3dd11cf7e64bb4ec7a1f349ee3772658a1d087d?s=96&d=mm&r=g","caption":"berta_admin"},"sameAs":["https:\/\/iph-multisite.berta-bewegt.ch"]}]}},"_links":{"self":[{"href":"https:\/\/iph-multisite.berta-bewegt.ch\/fr\/wp-json\/wp\/v2\/posts\/12973","targetHints":{"allow":["GET"]}}],"collection":[{"href":"https:\/\/iph-multisite.berta-bewegt.ch\/fr\/wp-json\/wp\/v2\/posts"}],"about":[{"href":"https:\/\/iph-multisite.berta-bewegt.ch\/fr\/wp-json\/wp\/v2\/types\/post"}],"author":[{"embeddable":true,"href":"https:\/\/iph-multisite.berta-bewegt.ch\/fr\/wp-json\/wp\/v2\/users\/1"}],"replies":[{"embeddable":true,"href":"https:\/\/iph-multisite.berta-bewegt.ch\/fr\/wp-json\/wp\/v2\/comments?post=12973"}],"version-history":[{"count":1,"href":"https:\/\/iph-multisite.berta-bewegt.ch\/fr\/wp-json\/wp\/v2\/posts\/12973\/revisions"}],"predecessor-version":[{"id":12974,"href":"https:\/\/iph-multisite.berta-bewegt.ch\/fr\/wp-json\/wp\/v2\/posts\/12973\/revisions\/12974"}],"wp:featuredmedia":[{"embeddable":true,"href":"https:\/\/iph-multisite.berta-bewegt.ch\/fr\/wp-json\/wp\/v2\/media\/2284"}],"wp:attachment":[{"href":"https:\/\/iph-multisite.berta-bewegt.ch\/fr\/wp-json\/wp\/v2\/media?parent=12973"}],"wp:term":[{"taxonomy":"post_tag","embeddable":true,"href":"https:\/\/iph-multisite.berta-bewegt.ch\/fr\/wp-json\/wp\/v2\/tags?post=12973"}],"curies":[{"name":"wp","href":"https:\/\/api.w.org\/{rel}","templated":true}]}}