{"id":13096,"date":"2022-01-05T09:57:00","date_gmt":"2022-01-05T08:57:00","guid":{"rendered":"https:\/\/iph-multisite.berta-bewegt.ch\/?p=13096"},"modified":"2026-03-03T10:57:36","modified_gmt":"2026-03-03T09:57:36","slug":"medienmitteilung-nein-zur-forschungsverbotsinitiative-interpharma-lanciert-kampagne-gegen-die-extreme-tier-und-menschenversuchsverbotsinitiative","status":"publish","type":"post","link":"https:\/\/iph-multisite.berta-bewegt.ch\/fr\/blog\/medienmitteilung-nein-zur-forschungsverbotsinitiative-interpharma-lanciert-kampagne-gegen-die-extreme-tier-und-menschenversuchsverbotsinitiative\/","title":{"rendered":"Communiqu\u00e9 de presse: Non \u00e0 l&rsquo;initiative contre la recherche &#8211; Interpharma lance une campagne contre l&rsquo;initiative extr\u00eame qui demande l&rsquo;interdiction de l&rsquo;exp\u00e9rimentation animale et humaine"},"content":{"rendered":"\n<p class=\"is-style-paragraph-lead-text\">Le 13 f\u00e9vrier 2022, la Suisse votera sur une initiative visant \u00e0 inscrire dans la Constitution une interdiction totale de la recherche sur les \u00eatres humains et les animaux. Le texte pr\u00e9voit en outre une interdiction d&rsquo;importer en Suisse des produits pour lesquels de telles exp\u00e9riences sont men\u00e9es \u00e0 l&rsquo;\u00e9tranger. Ainsi, cette initiative met en danger, dans une mesure sans pr\u00e9c\u00e9dent, la sant\u00e9 des hommes et des animaux en Suisse ainsi que le site de recherche et d&rsquo;innovation suisse.<\/p>\n\n\n\n<p>L&rsquo;esp\u00e9rance de vie en Suisse a doubl\u00e9\nau cours des 100 derni\u00e8res ann\u00e9es, notamment gr\u00e2ce \u00e0 la recherche et au d\u00e9veloppement\nde nouveaux m\u00e9dicaments et th\u00e9rapies. Parall\u00e8lement, la Suisse est aujourd&rsquo;hui\nl&rsquo;un des principaux sites de recherche et d&rsquo;innovation au monde. En 2020, les\nentreprises pharmaceutiques pratiquant la recherche ont investi plus de 7\nmilliards de francs dans la recherche et le d\u00e9veloppement (R&amp;D) en Suisse.\nPour notre pays pauvre en ressources, la recherche et l&rsquo;innovation constituent\nun pilier central du succ\u00e8s. Cela montre que tant la sant\u00e9 que notre place de\nrecherche ne doivent en aucun cas \u00eatre mises en p\u00e9ril.<\/p>\n\n\n\n<h2 class=\"wp-block-heading\"><strong>Cette initiative menace \u00e0 la fois la\nsant\u00e9 et la recherche en Suisse<\/strong><\/h2>\n\n\n\n<p>L&rsquo;initiative extr\u00eame en faveur de\nl&rsquo;interdiction de l&rsquo;exp\u00e9rimentation animale et humaine met en danger aussi bien\nla sant\u00e9 de la population que le site de recherche et d&rsquo;innovation suisses :<\/p>\n\n\n\n<ul class=\"wp-block-list\">\n<li>En cas d&rsquo;acceptation de l&rsquo;initiative,\nles personnes vivant en Suisse ne b\u00e9n\u00e9ficieraient plus de nouveaux m\u00e9dicaments\net d&rsquo;innovations m\u00e9dicales.<\/li>\n\n\n\n<li>L&rsquo;acceptation de l&rsquo;initiative\ninterdirait en Suisse la recherche sur l&rsquo;\u00eatre humain et donc les \u00e9tudes\ncliniques.<\/li>\n\n\n\n<li>L&rsquo;acceptation de l&rsquo;initiative\ninterdirait la recherche sur les \u00eatres humains (par exemple aussi en\npsychologie ou en sciences sociales) et sur les animaux en Suisse, d\u00e9truisant\nainsi le site suisse de recherche et d&rsquo;innovation.<\/li>\n\n\n\n<li>L&rsquo;acceptation de l&rsquo;initiative affaiblirait\nla protection des animaux.<\/li>\n<\/ul>\n\n\n\n<p>Interpharma s&rsquo;oppose en cons\u00e9quence \u00e0\ncette initiative qui \u00e9quivaut \u00e0 terme \u00e0 la fin de la recherche en Suisse. Avec\nune interdiction totale, radicale et unique au monde, de toute recherche sur\nles animaux et les \u00eatres humains, des branches enti\u00e8res de la recherche\nseraient paralys\u00e9es. Les institutions et entreprises concern\u00e9es seraient\ncontraintes de d\u00e9localiser leurs activit\u00e9s \u00e0 l&rsquo;\u00e9tranger. Cons\u00e9quence : le p\u00f4le\nde recherche suisse n\u2019aurait plus aucun attrait. <\/p>\n\n\n\n<p>Ren\u00e9 Buholzer, CEO d&rsquo;Interpharma, souligne: <\/p>\n\n\n\n<blockquote class=\"wp-block-quote is-layout-flow wp-block-quote-is-layout-flow\">\n<p>\u00ab\u00a0<em>La Suisse compte aujourd&rsquo;hui parmi les sites leaders mondiaux en mati\u00e8re de recherche et d&rsquo;innovation. La recherche sur les m\u00e9dicaments, les \u00e9tudes cliniques dans les h\u00f4pitaux et \u00e9galement la recherche fondamentale dans les universit\u00e9s jusqu&rsquo;aux \u00e9tudes en sciences sociales ne seraient plus possibles en Suisse avec l&rsquo;interdiction des exp\u00e9riences sur les animaux et les \u00eatres humains. Les entreprises et institutions n\u2019auraient pas d\u2019autre choix que de transf\u00e9rer leur recherche \u00e0 l&rsquo;\u00e9tranger<\/em>\u00ab\u00a0.<\/p>\n<\/blockquote>\n\n\n\n<p>Vous trouverez l&rsquo;argumentaire \u00e0 ce\nsujet ainsi que d&rsquo;autres documents utiles sur le site web d&rsquo;Interpharma : <a href=\"https:\/\/iph-multisite.berta-bewegt.ch\/aktuell\/non-a-linitiative-contre-la-recherche\/?lang=fr\">non-a-l\u2019initiative-contre-la-recherche\n&#8211; Interpharma<\/a><\/p>\n\n\n\n<p>Le 13 f\u00e9vrier, votez NON \u00e0\nl&rsquo;initiative \u00ab\u00a0Oui \u00e0 l\u2019interdiction de l\u2019exp\u00e9rimentation animale et humaine\n\u2013 Oui aux approches de recherche qui favorisent la s\u00e9curit\u00e9 et le progr\u00e8s \u00ab\u00a0,\ncar la sant\u00e9 de chacun d&rsquo;entre nous et l&rsquo;avenir du site de recherche suisse\nsont en jeu!<\/p>\n","protected":false},"excerpt":{"rendered":"<p>Le 13 f\u00e9vrier 2022, la Suisse votera sur une initiative visant \u00e0 inscrire dans la Constitution une interdiction totale de la recherche sur les \u00eatres humains et les animaux. Le texte pr\u00e9voit en outre une interdiction d&rsquo;importer en Suisse des produits pour lesquels de telles exp\u00e9riences sont men\u00e9es \u00e0 l&rsquo;\u00e9tranger. Ainsi, cette initiative met en [&hellip;]<\/p>\n","protected":false},"author":1,"featured_media":2157,"comment_status":"closed","ping_status":"open","sticky":false,"template":"","format":"standard","meta":{"_acf_changed":false,"inline_featured_image":false,"footnotes":""},"tags":[122],"class_list":["post-13096","post","type-post","status-publish","format-standard","has-post-thumbnail","hentry","tag-communique-de-presse"],"acf":[],"yoast_head":"<!-- This site is optimized with the Yoast SEO plugin v27.2 - https:\/\/yoast.com\/product\/yoast-seo-wordpress\/ -->\n<title>Communiqu\u00e9 de presse: Non \u00e0 l&#039;initiative contre la recherche - Interpharma lance une campagne contre l&#039;initiative extr\u00eame qui demande l&#039;interdiction de l&#039;exp\u00e9rimentation animale et humaine - Interpharma<\/title>\n<meta name=\"robots\" content=\"noindex, follow, max-snippet:-1, max-image-preview:large, max-video-preview:-1\" \/>\n<meta property=\"og:locale\" content=\"fr_FR\" \/>\n<meta property=\"og:type\" content=\"article\" \/>\n<meta property=\"og:title\" content=\"Communiqu\u00e9 de presse: Non \u00e0 l&#039;initiative contre la recherche - Interpharma lance une campagne contre l&#039;initiative extr\u00eame qui demande l&#039;interdiction de l&#039;exp\u00e9rimentation animale et humaine - Interpharma\" \/>\n<meta property=\"og:description\" content=\"Le 13 f\u00e9vrier 2022, la Suisse votera sur une initiative visant \u00e0 inscrire dans la Constitution une interdiction totale de la recherche sur les \u00eatres humains et les animaux. Le texte pr\u00e9voit en outre une interdiction d&rsquo;importer en Suisse des produits pour lesquels de telles exp\u00e9riences sont men\u00e9es \u00e0 l&rsquo;\u00e9tranger. Ainsi, cette initiative met en [&hellip;]\" \/>\n<meta property=\"og:url\" content=\"https:\/\/iph-multisite.berta-bewegt.ch\/fr\/blog\/medienmitteilung-nein-zur-forschungsverbotsinitiative-interpharma-lanciert-kampagne-gegen-die-extreme-tier-und-menschenversuchsverbotsinitiative\/\" \/>\n<meta property=\"og:site_name\" content=\"Interpharma\" \/>\n<meta property=\"article:published_time\" content=\"2022-01-05T08:57:00+00:00\" \/>\n<meta property=\"article:modified_time\" content=\"2026-03-03T09:57:36+00:00\" \/>\n<meta property=\"og:image\" content=\"https:\/\/iph-multisite.berta-bewegt.ch\/wp-content\/uploads\/2021\/12\/1117001-2.png\" \/>\n\t<meta property=\"og:image:width\" content=\"1080\" \/>\n\t<meta property=\"og:image:height\" content=\"1080\" \/>\n\t<meta property=\"og:image:type\" content=\"image\/png\" \/>\n<meta name=\"author\" content=\"berta_admin\" \/>\n<meta name=\"twitter:card\" content=\"summary_large_image\" \/>\n<meta name=\"twitter:label1\" content=\"\u00c9crit par\" \/>\n\t<meta name=\"twitter:data1\" content=\"berta_admin\" \/>\n\t<meta name=\"twitter:label2\" content=\"Dur\u00e9e de lecture estim\u00e9e\" \/>\n\t<meta name=\"twitter:data2\" content=\"3 minutes\" \/>\n<script type=\"application\/ld+json\" class=\"yoast-schema-graph\">{\"@context\":\"https:\/\/schema.org\",\"@graph\":[{\"@type\":\"Article\",\"@id\":\"https:\/\/iph-multisite.berta-bewegt.ch\/fr\/blog\/medienmitteilung-nein-zur-forschungsverbotsinitiative-interpharma-lanciert-kampagne-gegen-die-extreme-tier-und-menschenversuchsverbotsinitiative\/#article\",\"isPartOf\":{\"@id\":\"https:\/\/iph-multisite.berta-bewegt.ch\/fr\/blog\/medienmitteilung-nein-zur-forschungsverbotsinitiative-interpharma-lanciert-kampagne-gegen-die-extreme-tier-und-menschenversuchsverbotsinitiative\/\"},\"author\":{\"name\":\"berta_admin\",\"@id\":\"https:\/\/iph-multisite.berta-bewegt.ch\/#\/schema\/person\/749c3574947ecc016332eb58d91e45a3\"},\"headline\":\"Communiqu\u00e9 de presse: Non \u00e0 l&rsquo;initiative contre la recherche &#8211; Interpharma lance une campagne contre l&rsquo;initiative extr\u00eame qui demande l&rsquo;interdiction de l&rsquo;exp\u00e9rimentation animale et humaine\",\"datePublished\":\"2022-01-05T08:57:00+00:00\",\"dateModified\":\"2026-03-03T09:57:36+00:00\",\"mainEntityOfPage\":{\"@id\":\"https:\/\/iph-multisite.berta-bewegt.ch\/fr\/blog\/medienmitteilung-nein-zur-forschungsverbotsinitiative-interpharma-lanciert-kampagne-gegen-die-extreme-tier-und-menschenversuchsverbotsinitiative\/\"},\"wordCount\":607,\"image\":{\"@id\":\"https:\/\/iph-multisite.berta-bewegt.ch\/fr\/blog\/medienmitteilung-nein-zur-forschungsverbotsinitiative-interpharma-lanciert-kampagne-gegen-die-extreme-tier-und-menschenversuchsverbotsinitiative\/#primaryimage\"},\"thumbnailUrl\":\"https:\/\/iph-multisite.berta-bewegt.ch\/wp-content\/uploads\/2021\/12\/1117001-2.png\",\"keywords\":[\"Communiqu\u00e9 de presse\"],\"inLanguage\":\"fr-FR\",\"copyrightYear\":\"2022\",\"copyrightHolder\":{\"@id\":\"https:\/\/iph-multisite.berta-bewegt.ch\/#organization\"}},{\"@type\":\"WebPage\",\"@id\":\"https:\/\/iph-multisite.berta-bewegt.ch\/fr\/blog\/medienmitteilung-nein-zur-forschungsverbotsinitiative-interpharma-lanciert-kampagne-gegen-die-extreme-tier-und-menschenversuchsverbotsinitiative\/\",\"url\":\"https:\/\/iph-multisite.berta-bewegt.ch\/fr\/blog\/medienmitteilung-nein-zur-forschungsverbotsinitiative-interpharma-lanciert-kampagne-gegen-die-extreme-tier-und-menschenversuchsverbotsinitiative\/\",\"name\":\"Communiqu\u00e9 de presse: Non \u00e0 l'initiative contre la recherche - Interpharma lance une campagne contre l'initiative extr\u00eame qui demande l'interdiction de l'exp\u00e9rimentation animale et humaine - Interpharma\",\"isPartOf\":{\"@id\":\"https:\/\/iph-multisite.berta-bewegt.ch\/#website\"},\"primaryImageOfPage\":{\"@id\":\"https:\/\/iph-multisite.berta-bewegt.ch\/fr\/blog\/medienmitteilung-nein-zur-forschungsverbotsinitiative-interpharma-lanciert-kampagne-gegen-die-extreme-tier-und-menschenversuchsverbotsinitiative\/#primaryimage\"},\"image\":{\"@id\":\"https:\/\/iph-multisite.berta-bewegt.ch\/fr\/blog\/medienmitteilung-nein-zur-forschungsverbotsinitiative-interpharma-lanciert-kampagne-gegen-die-extreme-tier-und-menschenversuchsverbotsinitiative\/#primaryimage\"},\"thumbnailUrl\":\"https:\/\/iph-multisite.berta-bewegt.ch\/wp-content\/uploads\/2021\/12\/1117001-2.png\",\"datePublished\":\"2022-01-05T08:57:00+00:00\",\"dateModified\":\"2026-03-03T09:57:36+00:00\",\"author\":{\"@id\":\"https:\/\/iph-multisite.berta-bewegt.ch\/#\/schema\/person\/749c3574947ecc016332eb58d91e45a3\"},\"breadcrumb\":{\"@id\":\"https:\/\/iph-multisite.berta-bewegt.ch\/fr\/blog\/medienmitteilung-nein-zur-forschungsverbotsinitiative-interpharma-lanciert-kampagne-gegen-die-extreme-tier-und-menschenversuchsverbotsinitiative\/#breadcrumb\"},\"inLanguage\":\"fr-FR\",\"potentialAction\":[{\"@type\":\"ReadAction\",\"target\":[\"https:\/\/iph-multisite.berta-bewegt.ch\/fr\/blog\/medienmitteilung-nein-zur-forschungsverbotsinitiative-interpharma-lanciert-kampagne-gegen-die-extreme-tier-und-menschenversuchsverbotsinitiative\/\"]}]},{\"@type\":\"ImageObject\",\"inLanguage\":\"fr-FR\",\"@id\":\"https:\/\/iph-multisite.berta-bewegt.ch\/fr\/blog\/medienmitteilung-nein-zur-forschungsverbotsinitiative-interpharma-lanciert-kampagne-gegen-die-extreme-tier-und-menschenversuchsverbotsinitiative\/#primaryimage\",\"url\":\"https:\/\/iph-multisite.berta-bewegt.ch\/wp-content\/uploads\/2021\/12\/1117001-2.png\",\"contentUrl\":\"https:\/\/iph-multisite.berta-bewegt.ch\/wp-content\/uploads\/2021\/12\/1117001-2.png\",\"width\":1080,\"height\":1080},{\"@type\":\"BreadcrumbList\",\"@id\":\"https:\/\/iph-multisite.berta-bewegt.ch\/fr\/blog\/medienmitteilung-nein-zur-forschungsverbotsinitiative-interpharma-lanciert-kampagne-gegen-die-extreme-tier-und-menschenversuchsverbotsinitiative\/#breadcrumb\",\"itemListElement\":[{\"@type\":\"ListItem\",\"position\":1,\"name\":\"Startseite\",\"item\":\"https:\/\/iph-multisite.berta-bewegt.ch\/fr\/\"},{\"@type\":\"ListItem\",\"position\":2,\"name\":\"Communiqu\u00e9 de presse: Non \u00e0 l&#8217;initiative contre la recherche &#8211; Interpharma lance une campagne contre l&#8217;initiative extr\u00eame qui demande l&#8217;interdiction de l&#8217;exp\u00e9rimentation animale et humaine\"}]},{\"@type\":\"WebSite\",\"@id\":\"https:\/\/iph-multisite.berta-bewegt.ch\/#website\",\"url\":\"https:\/\/iph-multisite.berta-bewegt.ch\/\",\"name\":\"Interpharma\",\"description\":\"Verband der forschenden Pharmazeutischen Firmen\",\"potentialAction\":[{\"@type\":\"SearchAction\",\"target\":{\"@type\":\"EntryPoint\",\"urlTemplate\":\"https:\/\/iph-multisite.berta-bewegt.ch\/?s={search_term_string}\"},\"query-input\":{\"@type\":\"PropertyValueSpecification\",\"valueRequired\":true,\"valueName\":\"search_term_string\"}}],\"inLanguage\":\"fr-FR\"},{\"@type\":\"Person\",\"@id\":\"https:\/\/iph-multisite.berta-bewegt.ch\/#\/schema\/person\/749c3574947ecc016332eb58d91e45a3\",\"name\":\"berta_admin\",\"image\":{\"@type\":\"ImageObject\",\"inLanguage\":\"fr-FR\",\"@id\":\"https:\/\/secure.gravatar.com\/avatar\/a2aeb00900e30743ff2859dfc3dd11cf7e64bb4ec7a1f349ee3772658a1d087d?s=96&d=mm&r=g\",\"url\":\"https:\/\/secure.gravatar.com\/avatar\/a2aeb00900e30743ff2859dfc3dd11cf7e64bb4ec7a1f349ee3772658a1d087d?s=96&d=mm&r=g\",\"contentUrl\":\"https:\/\/secure.gravatar.com\/avatar\/a2aeb00900e30743ff2859dfc3dd11cf7e64bb4ec7a1f349ee3772658a1d087d?s=96&d=mm&r=g\",\"caption\":\"berta_admin\"},\"sameAs\":[\"https:\/\/iph-multisite.berta-bewegt.ch\"]}]}<\/script>\n<!-- \/ Yoast SEO plugin. -->","yoast_head_json":{"title":"Communiqu\u00e9 de presse: Non \u00e0 l'initiative contre la recherche - Interpharma lance une campagne contre l'initiative extr\u00eame qui demande l'interdiction de l'exp\u00e9rimentation animale et humaine - Interpharma","robots":{"index":"noindex","follow":"follow","max-snippet":"max-snippet:-1","max-image-preview":"max-image-preview:large","max-video-preview":"max-video-preview:-1"},"og_locale":"fr_FR","og_type":"article","og_title":"Communiqu\u00e9 de presse: Non \u00e0 l'initiative contre la recherche - Interpharma lance une campagne contre l'initiative extr\u00eame qui demande l'interdiction de l'exp\u00e9rimentation animale et humaine - Interpharma","og_description":"Le 13 f\u00e9vrier 2022, la Suisse votera sur une initiative visant \u00e0 inscrire dans la Constitution une interdiction totale de la recherche sur les \u00eatres humains et les animaux. Le texte pr\u00e9voit en outre une interdiction d&rsquo;importer en Suisse des produits pour lesquels de telles exp\u00e9riences sont men\u00e9es \u00e0 l&rsquo;\u00e9tranger. Ainsi, cette initiative met en [&hellip;]","og_url":"https:\/\/iph-multisite.berta-bewegt.ch\/fr\/blog\/medienmitteilung-nein-zur-forschungsverbotsinitiative-interpharma-lanciert-kampagne-gegen-die-extreme-tier-und-menschenversuchsverbotsinitiative\/","og_site_name":"Interpharma","article_published_time":"2022-01-05T08:57:00+00:00","article_modified_time":"2026-03-03T09:57:36+00:00","og_image":[{"width":1080,"height":1080,"url":"https:\/\/iph-multisite.berta-bewegt.ch\/wp-content\/uploads\/2021\/12\/1117001-2.png","type":"image\/png"}],"author":"berta_admin","twitter_card":"summary_large_image","twitter_misc":{"\u00c9crit par":"berta_admin","Dur\u00e9e de lecture estim\u00e9e":"3 minutes"},"schema":{"@context":"https:\/\/schema.org","@graph":[{"@type":"Article","@id":"https:\/\/iph-multisite.berta-bewegt.ch\/fr\/blog\/medienmitteilung-nein-zur-forschungsverbotsinitiative-interpharma-lanciert-kampagne-gegen-die-extreme-tier-und-menschenversuchsverbotsinitiative\/#article","isPartOf":{"@id":"https:\/\/iph-multisite.berta-bewegt.ch\/fr\/blog\/medienmitteilung-nein-zur-forschungsverbotsinitiative-interpharma-lanciert-kampagne-gegen-die-extreme-tier-und-menschenversuchsverbotsinitiative\/"},"author":{"name":"berta_admin","@id":"https:\/\/iph-multisite.berta-bewegt.ch\/#\/schema\/person\/749c3574947ecc016332eb58d91e45a3"},"headline":"Communiqu\u00e9 de presse: Non \u00e0 l&rsquo;initiative contre la recherche &#8211; Interpharma lance une campagne contre l&rsquo;initiative extr\u00eame qui demande l&rsquo;interdiction de l&rsquo;exp\u00e9rimentation animale et humaine","datePublished":"2022-01-05T08:57:00+00:00","dateModified":"2026-03-03T09:57:36+00:00","mainEntityOfPage":{"@id":"https:\/\/iph-multisite.berta-bewegt.ch\/fr\/blog\/medienmitteilung-nein-zur-forschungsverbotsinitiative-interpharma-lanciert-kampagne-gegen-die-extreme-tier-und-menschenversuchsverbotsinitiative\/"},"wordCount":607,"image":{"@id":"https:\/\/iph-multisite.berta-bewegt.ch\/fr\/blog\/medienmitteilung-nein-zur-forschungsverbotsinitiative-interpharma-lanciert-kampagne-gegen-die-extreme-tier-und-menschenversuchsverbotsinitiative\/#primaryimage"},"thumbnailUrl":"https:\/\/iph-multisite.berta-bewegt.ch\/wp-content\/uploads\/2021\/12\/1117001-2.png","keywords":["Communiqu\u00e9 de presse"],"inLanguage":"fr-FR","copyrightYear":"2022","copyrightHolder":{"@id":"https:\/\/iph-multisite.berta-bewegt.ch\/#organization"}},{"@type":"WebPage","@id":"https:\/\/iph-multisite.berta-bewegt.ch\/fr\/blog\/medienmitteilung-nein-zur-forschungsverbotsinitiative-interpharma-lanciert-kampagne-gegen-die-extreme-tier-und-menschenversuchsverbotsinitiative\/","url":"https:\/\/iph-multisite.berta-bewegt.ch\/fr\/blog\/medienmitteilung-nein-zur-forschungsverbotsinitiative-interpharma-lanciert-kampagne-gegen-die-extreme-tier-und-menschenversuchsverbotsinitiative\/","name":"Communiqu\u00e9 de presse: Non \u00e0 l'initiative contre la recherche - Interpharma lance une campagne contre l'initiative extr\u00eame qui demande l'interdiction de l'exp\u00e9rimentation animale et humaine - Interpharma","isPartOf":{"@id":"https:\/\/iph-multisite.berta-bewegt.ch\/#website"},"primaryImageOfPage":{"@id":"https:\/\/iph-multisite.berta-bewegt.ch\/fr\/blog\/medienmitteilung-nein-zur-forschungsverbotsinitiative-interpharma-lanciert-kampagne-gegen-die-extreme-tier-und-menschenversuchsverbotsinitiative\/#primaryimage"},"image":{"@id":"https:\/\/iph-multisite.berta-bewegt.ch\/fr\/blog\/medienmitteilung-nein-zur-forschungsverbotsinitiative-interpharma-lanciert-kampagne-gegen-die-extreme-tier-und-menschenversuchsverbotsinitiative\/#primaryimage"},"thumbnailUrl":"https:\/\/iph-multisite.berta-bewegt.ch\/wp-content\/uploads\/2021\/12\/1117001-2.png","datePublished":"2022-01-05T08:57:00+00:00","dateModified":"2026-03-03T09:57:36+00:00","author":{"@id":"https:\/\/iph-multisite.berta-bewegt.ch\/#\/schema\/person\/749c3574947ecc016332eb58d91e45a3"},"breadcrumb":{"@id":"https:\/\/iph-multisite.berta-bewegt.ch\/fr\/blog\/medienmitteilung-nein-zur-forschungsverbotsinitiative-interpharma-lanciert-kampagne-gegen-die-extreme-tier-und-menschenversuchsverbotsinitiative\/#breadcrumb"},"inLanguage":"fr-FR","potentialAction":[{"@type":"ReadAction","target":["https:\/\/iph-multisite.berta-bewegt.ch\/fr\/blog\/medienmitteilung-nein-zur-forschungsverbotsinitiative-interpharma-lanciert-kampagne-gegen-die-extreme-tier-und-menschenversuchsverbotsinitiative\/"]}]},{"@type":"ImageObject","inLanguage":"fr-FR","@id":"https:\/\/iph-multisite.berta-bewegt.ch\/fr\/blog\/medienmitteilung-nein-zur-forschungsverbotsinitiative-interpharma-lanciert-kampagne-gegen-die-extreme-tier-und-menschenversuchsverbotsinitiative\/#primaryimage","url":"https:\/\/iph-multisite.berta-bewegt.ch\/wp-content\/uploads\/2021\/12\/1117001-2.png","contentUrl":"https:\/\/iph-multisite.berta-bewegt.ch\/wp-content\/uploads\/2021\/12\/1117001-2.png","width":1080,"height":1080},{"@type":"BreadcrumbList","@id":"https:\/\/iph-multisite.berta-bewegt.ch\/fr\/blog\/medienmitteilung-nein-zur-forschungsverbotsinitiative-interpharma-lanciert-kampagne-gegen-die-extreme-tier-und-menschenversuchsverbotsinitiative\/#breadcrumb","itemListElement":[{"@type":"ListItem","position":1,"name":"Startseite","item":"https:\/\/iph-multisite.berta-bewegt.ch\/fr\/"},{"@type":"ListItem","position":2,"name":"Communiqu\u00e9 de presse: Non \u00e0 l&#8217;initiative contre la recherche &#8211; Interpharma lance une campagne contre l&#8217;initiative extr\u00eame qui demande l&#8217;interdiction de l&#8217;exp\u00e9rimentation animale et humaine"}]},{"@type":"WebSite","@id":"https:\/\/iph-multisite.berta-bewegt.ch\/#website","url":"https:\/\/iph-multisite.berta-bewegt.ch\/","name":"Interpharma","description":"Verband der forschenden Pharmazeutischen Firmen","potentialAction":[{"@type":"SearchAction","target":{"@type":"EntryPoint","urlTemplate":"https:\/\/iph-multisite.berta-bewegt.ch\/?s={search_term_string}"},"query-input":{"@type":"PropertyValueSpecification","valueRequired":true,"valueName":"search_term_string"}}],"inLanguage":"fr-FR"},{"@type":"Person","@id":"https:\/\/iph-multisite.berta-bewegt.ch\/#\/schema\/person\/749c3574947ecc016332eb58d91e45a3","name":"berta_admin","image":{"@type":"ImageObject","inLanguage":"fr-FR","@id":"https:\/\/secure.gravatar.com\/avatar\/a2aeb00900e30743ff2859dfc3dd11cf7e64bb4ec7a1f349ee3772658a1d087d?s=96&d=mm&r=g","url":"https:\/\/secure.gravatar.com\/avatar\/a2aeb00900e30743ff2859dfc3dd11cf7e64bb4ec7a1f349ee3772658a1d087d?s=96&d=mm&r=g","contentUrl":"https:\/\/secure.gravatar.com\/avatar\/a2aeb00900e30743ff2859dfc3dd11cf7e64bb4ec7a1f349ee3772658a1d087d?s=96&d=mm&r=g","caption":"berta_admin"},"sameAs":["https:\/\/iph-multisite.berta-bewegt.ch"]}]}},"_links":{"self":[{"href":"https:\/\/iph-multisite.berta-bewegt.ch\/fr\/wp-json\/wp\/v2\/posts\/13096","targetHints":{"allow":["GET"]}}],"collection":[{"href":"https:\/\/iph-multisite.berta-bewegt.ch\/fr\/wp-json\/wp\/v2\/posts"}],"about":[{"href":"https:\/\/iph-multisite.berta-bewegt.ch\/fr\/wp-json\/wp\/v2\/types\/post"}],"author":[{"embeddable":true,"href":"https:\/\/iph-multisite.berta-bewegt.ch\/fr\/wp-json\/wp\/v2\/users\/1"}],"replies":[{"embeddable":true,"href":"https:\/\/iph-multisite.berta-bewegt.ch\/fr\/wp-json\/wp\/v2\/comments?post=13096"}],"version-history":[{"count":1,"href":"https:\/\/iph-multisite.berta-bewegt.ch\/fr\/wp-json\/wp\/v2\/posts\/13096\/revisions"}],"predecessor-version":[{"id":13097,"href":"https:\/\/iph-multisite.berta-bewegt.ch\/fr\/wp-json\/wp\/v2\/posts\/13096\/revisions\/13097"}],"wp:featuredmedia":[{"embeddable":true,"href":"https:\/\/iph-multisite.berta-bewegt.ch\/fr\/wp-json\/wp\/v2\/media\/2157"}],"wp:attachment":[{"href":"https:\/\/iph-multisite.berta-bewegt.ch\/fr\/wp-json\/wp\/v2\/media?parent=13096"}],"wp:term":[{"taxonomy":"post_tag","embeddable":true,"href":"https:\/\/iph-multisite.berta-bewegt.ch\/fr\/wp-json\/wp\/v2\/tags?post=13096"}],"curies":[{"name":"wp","href":"https:\/\/api.w.org\/{rel}","templated":true}]}}