{"id":13391,"date":"2021-01-26T09:18:46","date_gmt":"2021-01-26T08:18:46","guid":{"rendered":"https:\/\/iph-multisite.berta-bewegt.ch\/?p=13391"},"modified":"2026-03-03T11:11:26","modified_gmt":"2026-03-03T10:11:26","slug":"ein-starker-pharmastandort-ist-die-beste-krisenvorsorge","status":"publish","type":"post","link":"https:\/\/iph-multisite.berta-bewegt.ch\/fr\/blog\/ein-starker-pharmastandort-ist-die-beste-krisenvorsorge\/","title":{"rendered":"Une place pharmaceutique forte : le meilleur rempart aux crises"},"content":{"rendered":"\n<p> Ce texte est paru dans Le Temps, dans l\u2019\u00e9dition du 26 janvier 2021 <\/p>\n\n\n\n<p>Comme tous les secteurs \u00e9conomiques, l\u2019industrie pharmaceutique suisse pratiquant\nla recherche a relev\u00e9 de nombreux d\u00e9fis en 2020. Face \u00e0 la pand\u00e9mie de\nCovid-19, les entreprises pharmaceutiques se sont engag\u00e9es de mani\u00e8re\nimpressionnante avec trois objectifs majeurs : assurer l&rsquo;approvisionnement en\nm\u00e9dicaments et la s\u00e9curit\u00e9 des patients; mobiliser les capacit\u00e9s de recherche\nen vaccins, diagnostics et traitements, et soutenir les gouvernements et les\nsyst\u00e8mes de sant\u00e9 sur le terrain. La crise a soulign\u00e9 la solidit\u00e9 de notre\nindustrie. Malgr\u00e9 des conditions exceptionnelles et difficiles,\nl\u2019approvisionnement en m\u00e9dicaments brevet\u00e9s a \u00e9t\u00e9 assur\u00e9 sans que la capacit\u00e9\nd\u2019innovation du secteur n\u2019en p\u00e2tisse. Cette robustesse de la place\npharmaceutique suisse est \u00e9galement un atout pour la prosp\u00e9rit\u00e9 du pays. En\n2021, l\u2019industrie doit maintenir ses efforts dans la lutte contre la pand\u00e9mie,\nmais elle doit aussi s\u2019assurer que les conditions-cadres soient maintenues. Une\nplace pharmaceutique forte est le meilleur rempart aux crises.<\/p>\n\n\n\n<p>La crise sanitaire actuelle rappelle les enjeux strat\u00e9giques li\u00e9s \u00e0 la\nplace pharmaceutique. La Suisse peut s\u2019enorgueillir de figurer parmi les\nleaders mondiaux dans le domaine. Rappelons que l\u2019industrie pharmaceutique emploie\n47\u2019000 personne directement et g\u00e9n\u00e8re 206\u2019800 emplois suppl\u00e9mentaires. Elle repr\u00e9sente\n\u00e0 elle seule 45% de l\u2019ensemble des exportations suisses et rapporte 99,1\nmilliards de francs dans ce domaine. Les entreprises pharmaceutiques investissent\ncontinuellement dans la recherche et d\u00e9veloppement (7 milliards de francs par\nan pour les membres d\u2019Interpharma). A noter encore que les entreprises\ninvestissent dans l\u2019appareil industriel en Suisse pour produire des traitements\nde pointe qui sont l\u2019avenir du secteur. Pour rester dans le peloton de t\u00eate des\nplaces pharmaceutiques il faudra relever trois d\u00e9fis en 2021&nbsp;: assurer la\nstabilit\u00e9 des relations entre la Suisse et l\u2019Union europ\u00e9enne, garantir l\u2019acc\u00e8s\ndes patients suisses aux traitements innovants et pr\u00e9server la propri\u00e9t\u00e9\nintellectuelle. <\/p>\n\n\n\n<p>La pand\u00e9mie a \u00e9galement d\u00e9montr\u00e9 l\u2019importance pour la Suisse de\nmaintenir des fronti\u00e8res ouvertes. Cela concerne tout autant la\nlibre-circulation des personnes que celle des marchandises. Pour continuer \u00e0 produire,\nles employ\u00e9s doivent pouvoir traverser les fronti\u00e8res au quotidien et les\nentreprises recevoir les mati\u00e8res premi\u00e8res et produits semi-finis n\u00e9cessaires.\nSi les conditions cadres permettent aux entreprises d\u2019exporter sans entrave,\nelles peuvent assurer la production en Suisse \u00e0 long terme. L\u2019acc\u00e8s au march\u00e9\nunique europ\u00e9en est un enjeu majeur pour l\u2019industrie pharmaceutique. Nous\ndisposons pour l\u2019instant de conditions favorables, mais il est essentiel\nd\u2019assurer l\u2019avenir des relations bilat\u00e9rales et donc de conclure un accord\ninstitutionnel entre la Suisse et l\u2019Union europ\u00e9enne. A l\u2019heure actuelle, notre\nsecteur n\u2019est pas sous la pression imm\u00e9diate contrairement au secteur des\ntechnologies m\u00e9dicales. Mais toute atteinte \u00e0 la comp\u00e9titivit\u00e9 du p\u00f4le suisse\nde comp\u00e9tences des sciences de la vie se r\u00e9percutent sur l\u2019ensemble des acteurs\nde ce domaine. Il y a en Suisse un v\u00e9ritable \u00e9cosyst\u00e8me, qui va des instituts\nde recherches et grandes \u00e9coles, en passant par les start-ups et les\nlaboratoire \u00e9tablis. Les capacit\u00e9s d\u2019innovation et les synergies entre les\nacteurs contribuent \u00e0 la bonne sant\u00e9 globale de notre \u00e9conomie.<\/p>\n\n\n\n<p>Un autre aspect pr\u00e9occupe&nbsp;: en Suisse, l\u2019acc\u00e8s des patients aux\ntraitements innovants n\u2019est pas toujours garanti. Cette situation choquante est\nd\u00fb au d\u00e9lai toujours plus grand s\u2019\u00e9coulant entre l\u2019autorisation de mise sur le\nmarch\u00e9 d\u2019un traitement par Swissmedic et son inscription sur la liste des\nsp\u00e9cialit\u00e9s par l\u2019Office f\u00e9d\u00e9ral de la sant\u00e9 publique. Ainsi en 2020, 169\nm\u00e9dicaments qui disposent pourtant d\u2019autorisation de mise sur le march\u00e9 ne sont\npas encore rembours\u00e9s. Imagine-t-on le scandale si pareil cas de figure s\u2019\u00e9tait\npr\u00e9sent\u00e9 pour les vaccins contre la covid-19&nbsp;? Le syst\u00e8me standard actuel\nde remboursement des m\u00e9dicaments a fait ses preuves, mais il atteint ses\nlimites. Interpharma est tr\u00e8s active dans ce domaine et va poursuivre ses\nefforts dans ce sens en 2021. Tous les assur\u00e9s devraient avoir acc\u00e8s aux m\u00e9dicaments qui leur\nconviennent le mieux d\u00e8s l\u2019approbation de ces derniers par Swissmedic. Il faut\nd\u00e9passer une vision \u00e9troite des co\u00fbts dans la politique de sant\u00e9 et acc\u00e9l\u00e9rer\nl&rsquo;acc\u00e8s des patients aux traitements et soins innovants.<\/p>\n\n\n\n<p>Une place de recherche et de d\u00e9veloppement solide, s\u2019appuie aussi sur la\nprotection de la propri\u00e9t\u00e9 intellectuelle. Contrairement \u00e0 ce que l\u2019on entend\nparfois, les questions de propri\u00e9t\u00e9 intellectuelle n&rsquo;ont pas eu d&rsquo;impact n\u00e9gatif\ndans la lutte contre la covid-19. Au contraire, cela a permis aux entreprises\nde poursuivre et d&rsquo;acc\u00e9l\u00e9rer la R&amp;D gr\u00e2ce \u00e0 des investissements importants.\nLa Suisse dispose d\u2019une r\u00e9glementation favorable dans ce domaine et doit la\npr\u00e9server.<\/p>\n","protected":false},"excerpt":{"rendered":"<p>Ce texte est paru dans Le Temps, dans l\u2019\u00e9dition du 26 janvier 2021 Comme tous les secteurs \u00e9conomiques, l\u2019industrie pharmaceutique suisse pratiquant la recherche a relev\u00e9 de nombreux d\u00e9fis en 2020. Face \u00e0 la pand\u00e9mie de Covid-19, les entreprises pharmaceutiques se sont engag\u00e9es de mani\u00e8re impressionnante avec trois objectifs majeurs : assurer l&rsquo;approvisionnement en m\u00e9dicaments [&hellip;]<\/p>\n","protected":false},"author":1,"featured_media":1505,"comment_status":"closed","ping_status":"open","sticky":false,"template":"","format":"standard","meta":{"_acf_changed":false,"inline_featured_image":false,"footnotes":""},"tags":[113],"class_list":["post-13391","post","type-post","status-publish","format-standard","has-post-thumbnail","hentry","tag-covid-19-fr"],"acf":[],"yoast_head":"<!-- This site is optimized with the Yoast SEO plugin v27.2 - https:\/\/yoast.com\/product\/yoast-seo-wordpress\/ -->\n<title>Une place pharmaceutique forte : le meilleur rempart aux crises - Interpharma<\/title>\n<meta name=\"robots\" content=\"noindex, follow, max-snippet:-1, max-image-preview:large, max-video-preview:-1\" \/>\n<meta property=\"og:locale\" content=\"fr_FR\" \/>\n<meta property=\"og:type\" content=\"article\" \/>\n<meta property=\"og:title\" content=\"Une place pharmaceutique forte : le meilleur rempart aux crises - Interpharma\" \/>\n<meta property=\"og:description\" content=\"Ce texte est paru dans Le Temps, dans l\u2019\u00e9dition du 26 janvier 2021 Comme tous les secteurs \u00e9conomiques, l\u2019industrie pharmaceutique suisse pratiquant la recherche a relev\u00e9 de nombreux d\u00e9fis en 2020. Face \u00e0 la pand\u00e9mie de Covid-19, les entreprises pharmaceutiques se sont engag\u00e9es de mani\u00e8re impressionnante avec trois objectifs majeurs : assurer l&rsquo;approvisionnement en m\u00e9dicaments [&hellip;]\" \/>\n<meta property=\"og:url\" content=\"https:\/\/iph-multisite.berta-bewegt.ch\/fr\/blog\/ein-starker-pharmastandort-ist-die-beste-krisenvorsorge\/\" \/>\n<meta property=\"og:site_name\" content=\"Interpharma\" \/>\n<meta property=\"article:published_time\" content=\"2021-01-26T08:18:46+00:00\" \/>\n<meta property=\"article:modified_time\" content=\"2026-03-03T10:11:26+00:00\" \/>\n<meta property=\"og:image\" content=\"https:\/\/iph-multisite.berta-bewegt.ch\/wp-content\/uploads\/2020\/02\/VD19842-scaled.jpg\" \/>\n\t<meta property=\"og:image:width\" content=\"2560\" \/>\n\t<meta property=\"og:image:height\" content=\"1706\" \/>\n\t<meta property=\"og:image:type\" content=\"image\/jpeg\" \/>\n<meta name=\"author\" content=\"berta_admin\" \/>\n<meta name=\"twitter:card\" content=\"summary_large_image\" \/>\n<meta name=\"twitter:label1\" content=\"\u00c9crit par\" \/>\n\t<meta name=\"twitter:data1\" content=\"berta_admin\" \/>\n\t<meta name=\"twitter:label2\" content=\"Dur\u00e9e de lecture estim\u00e9e\" \/>\n\t<meta name=\"twitter:data2\" content=\"4 minutes\" \/>\n<script type=\"application\/ld+json\" class=\"yoast-schema-graph\">{\"@context\":\"https:\/\/schema.org\",\"@graph\":[{\"@type\":\"Article\",\"@id\":\"https:\/\/iph-multisite.berta-bewegt.ch\/fr\/blog\/ein-starker-pharmastandort-ist-die-beste-krisenvorsorge\/#article\",\"isPartOf\":{\"@id\":\"https:\/\/iph-multisite.berta-bewegt.ch\/fr\/blog\/ein-starker-pharmastandort-ist-die-beste-krisenvorsorge\/\"},\"author\":{\"name\":\"berta_admin\",\"@id\":\"https:\/\/iph-multisite.berta-bewegt.ch\/#\/schema\/person\/749c3574947ecc016332eb58d91e45a3\"},\"headline\":\"Une place pharmaceutique forte : le meilleur rempart aux crises\",\"datePublished\":\"2021-01-26T08:18:46+00:00\",\"dateModified\":\"2026-03-03T10:11:26+00:00\",\"mainEntityOfPage\":{\"@id\":\"https:\/\/iph-multisite.berta-bewegt.ch\/fr\/blog\/ein-starker-pharmastandort-ist-die-beste-krisenvorsorge\/\"},\"wordCount\":851,\"image\":{\"@id\":\"https:\/\/iph-multisite.berta-bewegt.ch\/fr\/blog\/ein-starker-pharmastandort-ist-die-beste-krisenvorsorge\/#primaryimage\"},\"thumbnailUrl\":\"https:\/\/iph-multisite.berta-bewegt.ch\/wp-content\/uploads\/2020\/02\/VD19842-scaled.jpg\",\"keywords\":[\"Covid-19\"],\"inLanguage\":\"fr-FR\",\"copyrightYear\":\"2021\",\"copyrightHolder\":{\"@id\":\"https:\/\/iph-multisite.berta-bewegt.ch\/#organization\"}},{\"@type\":\"WebPage\",\"@id\":\"https:\/\/iph-multisite.berta-bewegt.ch\/fr\/blog\/ein-starker-pharmastandort-ist-die-beste-krisenvorsorge\/\",\"url\":\"https:\/\/iph-multisite.berta-bewegt.ch\/fr\/blog\/ein-starker-pharmastandort-ist-die-beste-krisenvorsorge\/\",\"name\":\"Une place pharmaceutique forte : le meilleur rempart aux crises - Interpharma\",\"isPartOf\":{\"@id\":\"https:\/\/iph-multisite.berta-bewegt.ch\/#website\"},\"primaryImageOfPage\":{\"@id\":\"https:\/\/iph-multisite.berta-bewegt.ch\/fr\/blog\/ein-starker-pharmastandort-ist-die-beste-krisenvorsorge\/#primaryimage\"},\"image\":{\"@id\":\"https:\/\/iph-multisite.berta-bewegt.ch\/fr\/blog\/ein-starker-pharmastandort-ist-die-beste-krisenvorsorge\/#primaryimage\"},\"thumbnailUrl\":\"https:\/\/iph-multisite.berta-bewegt.ch\/wp-content\/uploads\/2020\/02\/VD19842-scaled.jpg\",\"datePublished\":\"2021-01-26T08:18:46+00:00\",\"dateModified\":\"2026-03-03T10:11:26+00:00\",\"author\":{\"@id\":\"https:\/\/iph-multisite.berta-bewegt.ch\/#\/schema\/person\/749c3574947ecc016332eb58d91e45a3\"},\"breadcrumb\":{\"@id\":\"https:\/\/iph-multisite.berta-bewegt.ch\/fr\/blog\/ein-starker-pharmastandort-ist-die-beste-krisenvorsorge\/#breadcrumb\"},\"inLanguage\":\"fr-FR\",\"potentialAction\":[{\"@type\":\"ReadAction\",\"target\":[\"https:\/\/iph-multisite.berta-bewegt.ch\/fr\/blog\/ein-starker-pharmastandort-ist-die-beste-krisenvorsorge\/\"]}]},{\"@type\":\"ImageObject\",\"inLanguage\":\"fr-FR\",\"@id\":\"https:\/\/iph-multisite.berta-bewegt.ch\/fr\/blog\/ein-starker-pharmastandort-ist-die-beste-krisenvorsorge\/#primaryimage\",\"url\":\"https:\/\/iph-multisite.berta-bewegt.ch\/wp-content\/uploads\/2020\/02\/VD19842-scaled.jpg\",\"contentUrl\":\"https:\/\/iph-multisite.berta-bewegt.ch\/wp-content\/uploads\/2020\/02\/VD19842-scaled.jpg\",\"width\":2560,\"height\":1706},{\"@type\":\"BreadcrumbList\",\"@id\":\"https:\/\/iph-multisite.berta-bewegt.ch\/fr\/blog\/ein-starker-pharmastandort-ist-die-beste-krisenvorsorge\/#breadcrumb\",\"itemListElement\":[{\"@type\":\"ListItem\",\"position\":1,\"name\":\"Startseite\",\"item\":\"https:\/\/iph-multisite.berta-bewegt.ch\/fr\/\"},{\"@type\":\"ListItem\",\"position\":2,\"name\":\"Une place pharmaceutique forte : le meilleur rempart aux crises\"}]},{\"@type\":\"WebSite\",\"@id\":\"https:\/\/iph-multisite.berta-bewegt.ch\/#website\",\"url\":\"https:\/\/iph-multisite.berta-bewegt.ch\/\",\"name\":\"Interpharma\",\"description\":\"Verband der forschenden Pharmazeutischen Firmen\",\"potentialAction\":[{\"@type\":\"SearchAction\",\"target\":{\"@type\":\"EntryPoint\",\"urlTemplate\":\"https:\/\/iph-multisite.berta-bewegt.ch\/?s={search_term_string}\"},\"query-input\":{\"@type\":\"PropertyValueSpecification\",\"valueRequired\":true,\"valueName\":\"search_term_string\"}}],\"inLanguage\":\"fr-FR\"},{\"@type\":\"Person\",\"@id\":\"https:\/\/iph-multisite.berta-bewegt.ch\/#\/schema\/person\/749c3574947ecc016332eb58d91e45a3\",\"name\":\"berta_admin\",\"image\":{\"@type\":\"ImageObject\",\"inLanguage\":\"fr-FR\",\"@id\":\"https:\/\/secure.gravatar.com\/avatar\/a2aeb00900e30743ff2859dfc3dd11cf7e64bb4ec7a1f349ee3772658a1d087d?s=96&d=mm&r=g\",\"url\":\"https:\/\/secure.gravatar.com\/avatar\/a2aeb00900e30743ff2859dfc3dd11cf7e64bb4ec7a1f349ee3772658a1d087d?s=96&d=mm&r=g\",\"contentUrl\":\"https:\/\/secure.gravatar.com\/avatar\/a2aeb00900e30743ff2859dfc3dd11cf7e64bb4ec7a1f349ee3772658a1d087d?s=96&d=mm&r=g\",\"caption\":\"berta_admin\"},\"sameAs\":[\"https:\/\/iph-multisite.berta-bewegt.ch\"]}]}<\/script>\n<!-- \/ Yoast SEO plugin. -->","yoast_head_json":{"title":"Une place pharmaceutique forte : le meilleur rempart aux crises - Interpharma","robots":{"index":"noindex","follow":"follow","max-snippet":"max-snippet:-1","max-image-preview":"max-image-preview:large","max-video-preview":"max-video-preview:-1"},"og_locale":"fr_FR","og_type":"article","og_title":"Une place pharmaceutique forte : le meilleur rempart aux crises - Interpharma","og_description":"Ce texte est paru dans Le Temps, dans l\u2019\u00e9dition du 26 janvier 2021 Comme tous les secteurs \u00e9conomiques, l\u2019industrie pharmaceutique suisse pratiquant la recherche a relev\u00e9 de nombreux d\u00e9fis en 2020. Face \u00e0 la pand\u00e9mie de Covid-19, les entreprises pharmaceutiques se sont engag\u00e9es de mani\u00e8re impressionnante avec trois objectifs majeurs : assurer l&rsquo;approvisionnement en m\u00e9dicaments [&hellip;]","og_url":"https:\/\/iph-multisite.berta-bewegt.ch\/fr\/blog\/ein-starker-pharmastandort-ist-die-beste-krisenvorsorge\/","og_site_name":"Interpharma","article_published_time":"2021-01-26T08:18:46+00:00","article_modified_time":"2026-03-03T10:11:26+00:00","og_image":[{"width":2560,"height":1706,"url":"https:\/\/iph-multisite.berta-bewegt.ch\/wp-content\/uploads\/2020\/02\/VD19842-scaled.jpg","type":"image\/jpeg"}],"author":"berta_admin","twitter_card":"summary_large_image","twitter_misc":{"\u00c9crit par":"berta_admin","Dur\u00e9e de lecture estim\u00e9e":"4 minutes"},"schema":{"@context":"https:\/\/schema.org","@graph":[{"@type":"Article","@id":"https:\/\/iph-multisite.berta-bewegt.ch\/fr\/blog\/ein-starker-pharmastandort-ist-die-beste-krisenvorsorge\/#article","isPartOf":{"@id":"https:\/\/iph-multisite.berta-bewegt.ch\/fr\/blog\/ein-starker-pharmastandort-ist-die-beste-krisenvorsorge\/"},"author":{"name":"berta_admin","@id":"https:\/\/iph-multisite.berta-bewegt.ch\/#\/schema\/person\/749c3574947ecc016332eb58d91e45a3"},"headline":"Une place pharmaceutique forte : le meilleur rempart aux crises","datePublished":"2021-01-26T08:18:46+00:00","dateModified":"2026-03-03T10:11:26+00:00","mainEntityOfPage":{"@id":"https:\/\/iph-multisite.berta-bewegt.ch\/fr\/blog\/ein-starker-pharmastandort-ist-die-beste-krisenvorsorge\/"},"wordCount":851,"image":{"@id":"https:\/\/iph-multisite.berta-bewegt.ch\/fr\/blog\/ein-starker-pharmastandort-ist-die-beste-krisenvorsorge\/#primaryimage"},"thumbnailUrl":"https:\/\/iph-multisite.berta-bewegt.ch\/wp-content\/uploads\/2020\/02\/VD19842-scaled.jpg","keywords":["Covid-19"],"inLanguage":"fr-FR","copyrightYear":"2021","copyrightHolder":{"@id":"https:\/\/iph-multisite.berta-bewegt.ch\/#organization"}},{"@type":"WebPage","@id":"https:\/\/iph-multisite.berta-bewegt.ch\/fr\/blog\/ein-starker-pharmastandort-ist-die-beste-krisenvorsorge\/","url":"https:\/\/iph-multisite.berta-bewegt.ch\/fr\/blog\/ein-starker-pharmastandort-ist-die-beste-krisenvorsorge\/","name":"Une place pharmaceutique forte : le meilleur rempart aux crises - Interpharma","isPartOf":{"@id":"https:\/\/iph-multisite.berta-bewegt.ch\/#website"},"primaryImageOfPage":{"@id":"https:\/\/iph-multisite.berta-bewegt.ch\/fr\/blog\/ein-starker-pharmastandort-ist-die-beste-krisenvorsorge\/#primaryimage"},"image":{"@id":"https:\/\/iph-multisite.berta-bewegt.ch\/fr\/blog\/ein-starker-pharmastandort-ist-die-beste-krisenvorsorge\/#primaryimage"},"thumbnailUrl":"https:\/\/iph-multisite.berta-bewegt.ch\/wp-content\/uploads\/2020\/02\/VD19842-scaled.jpg","datePublished":"2021-01-26T08:18:46+00:00","dateModified":"2026-03-03T10:11:26+00:00","author":{"@id":"https:\/\/iph-multisite.berta-bewegt.ch\/#\/schema\/person\/749c3574947ecc016332eb58d91e45a3"},"breadcrumb":{"@id":"https:\/\/iph-multisite.berta-bewegt.ch\/fr\/blog\/ein-starker-pharmastandort-ist-die-beste-krisenvorsorge\/#breadcrumb"},"inLanguage":"fr-FR","potentialAction":[{"@type":"ReadAction","target":["https:\/\/iph-multisite.berta-bewegt.ch\/fr\/blog\/ein-starker-pharmastandort-ist-die-beste-krisenvorsorge\/"]}]},{"@type":"ImageObject","inLanguage":"fr-FR","@id":"https:\/\/iph-multisite.berta-bewegt.ch\/fr\/blog\/ein-starker-pharmastandort-ist-die-beste-krisenvorsorge\/#primaryimage","url":"https:\/\/iph-multisite.berta-bewegt.ch\/wp-content\/uploads\/2020\/02\/VD19842-scaled.jpg","contentUrl":"https:\/\/iph-multisite.berta-bewegt.ch\/wp-content\/uploads\/2020\/02\/VD19842-scaled.jpg","width":2560,"height":1706},{"@type":"BreadcrumbList","@id":"https:\/\/iph-multisite.berta-bewegt.ch\/fr\/blog\/ein-starker-pharmastandort-ist-die-beste-krisenvorsorge\/#breadcrumb","itemListElement":[{"@type":"ListItem","position":1,"name":"Startseite","item":"https:\/\/iph-multisite.berta-bewegt.ch\/fr\/"},{"@type":"ListItem","position":2,"name":"Une place pharmaceutique forte : le meilleur rempart aux crises"}]},{"@type":"WebSite","@id":"https:\/\/iph-multisite.berta-bewegt.ch\/#website","url":"https:\/\/iph-multisite.berta-bewegt.ch\/","name":"Interpharma","description":"Verband der forschenden Pharmazeutischen Firmen","potentialAction":[{"@type":"SearchAction","target":{"@type":"EntryPoint","urlTemplate":"https:\/\/iph-multisite.berta-bewegt.ch\/?s={search_term_string}"},"query-input":{"@type":"PropertyValueSpecification","valueRequired":true,"valueName":"search_term_string"}}],"inLanguage":"fr-FR"},{"@type":"Person","@id":"https:\/\/iph-multisite.berta-bewegt.ch\/#\/schema\/person\/749c3574947ecc016332eb58d91e45a3","name":"berta_admin","image":{"@type":"ImageObject","inLanguage":"fr-FR","@id":"https:\/\/secure.gravatar.com\/avatar\/a2aeb00900e30743ff2859dfc3dd11cf7e64bb4ec7a1f349ee3772658a1d087d?s=96&d=mm&r=g","url":"https:\/\/secure.gravatar.com\/avatar\/a2aeb00900e30743ff2859dfc3dd11cf7e64bb4ec7a1f349ee3772658a1d087d?s=96&d=mm&r=g","contentUrl":"https:\/\/secure.gravatar.com\/avatar\/a2aeb00900e30743ff2859dfc3dd11cf7e64bb4ec7a1f349ee3772658a1d087d?s=96&d=mm&r=g","caption":"berta_admin"},"sameAs":["https:\/\/iph-multisite.berta-bewegt.ch"]}]}},"_links":{"self":[{"href":"https:\/\/iph-multisite.berta-bewegt.ch\/fr\/wp-json\/wp\/v2\/posts\/13391","targetHints":{"allow":["GET"]}}],"collection":[{"href":"https:\/\/iph-multisite.berta-bewegt.ch\/fr\/wp-json\/wp\/v2\/posts"}],"about":[{"href":"https:\/\/iph-multisite.berta-bewegt.ch\/fr\/wp-json\/wp\/v2\/types\/post"}],"author":[{"embeddable":true,"href":"https:\/\/iph-multisite.berta-bewegt.ch\/fr\/wp-json\/wp\/v2\/users\/1"}],"replies":[{"embeddable":true,"href":"https:\/\/iph-multisite.berta-bewegt.ch\/fr\/wp-json\/wp\/v2\/comments?post=13391"}],"version-history":[{"count":1,"href":"https:\/\/iph-multisite.berta-bewegt.ch\/fr\/wp-json\/wp\/v2\/posts\/13391\/revisions"}],"predecessor-version":[{"id":13392,"href":"https:\/\/iph-multisite.berta-bewegt.ch\/fr\/wp-json\/wp\/v2\/posts\/13391\/revisions\/13392"}],"wp:featuredmedia":[{"embeddable":true,"href":"https:\/\/iph-multisite.berta-bewegt.ch\/fr\/wp-json\/wp\/v2\/media\/1505"}],"wp:attachment":[{"href":"https:\/\/iph-multisite.berta-bewegt.ch\/fr\/wp-json\/wp\/v2\/media?parent=13391"}],"wp:term":[{"taxonomy":"post_tag","embeddable":true,"href":"https:\/\/iph-multisite.berta-bewegt.ch\/fr\/wp-json\/wp\/v2\/tags?post=13391"}],"curies":[{"name":"wp","href":"https:\/\/api.w.org\/{rel}","templated":true}]}}