{"id":13529,"date":"2020-08-13T10:10:00","date_gmt":"2020-08-13T08:10:00","guid":{"rendered":"https:\/\/iph-multisite.berta-bewegt.ch\/?p=13529"},"modified":"2026-03-03T11:04:10","modified_gmt":"2026-03-03T10:04:10","slug":"auslandpreisvergleich-medikamente-preisdifferenz-zum-ausland-bei-patentgeschuetzten-medikamenten-sinkt-weiter","status":"publish","type":"post","link":"https:\/\/iph-multisite.berta-bewegt.ch\/fr\/blog\/auslandpreisvergleich-medikamente-preisdifferenz-zum-ausland-bei-patentgeschuetzten-medikamenten-sinkt-weiter\/","title":{"rendered":"Comparaison du prix des m\u00e9dicaments avec l\u2019\u00e9tranger: l\u2019\u00e9cart de prix continue de baisser pour les m\u00e9dicaments brevet\u00e9s"},"content":{"rendered":"\n<p>Alors que, selon Eurostat, autorit\u00e9 europ\u00e9enne de la statistique, les\nbiens de consommation et les services co\u00fbtaient en 2019 environ un quart de\nmoins dans les neuf pays europ\u00e9ens de comparaison qu\u2019en Suisse, le prix moyen\ndes m\u00e9dicaments prot\u00e9g\u00e9s par un brevet dans d\u2019autres pays europ\u00e9ens n\u2019est que\ntr\u00e8s l\u00e9g\u00e8rement inf\u00e9rieur (-4,5%) \u00e0 celui relev\u00e9 en Suisse. C\u2019est ce que montre\nla onzi\u00e8me comparaison de prix avec l\u2019\u00e9tranger r\u00e9alis\u00e9e conjointement par\nInterpharma et sant\u00e9suisse.<\/p>\n\n\n\n<p>Selon la comparaison des prix avec l\u2019\u00e9tranger \u00e9tablie en 2020 sur la\nbase d\u2019un taux de change CHF\/EUR de 1.15 appliqu\u00e9 par l\u2019OFSP pour le contr\u00f4le,\nles 250&nbsp;pr\u00e9parations originales brevet\u00e9es figurant dans la Liste des\nsp\u00e9cialit\u00e9s et g\u00e9n\u00e9rant le plus de chiffre d\u2019affaires \u00e9taient en moyenne 4,5%\nmoins ch\u00e8res dans les neuf pays de comparaison qu\u2019en Suisse. L\u2019\u00e9cart de prix\nconstat\u00e9 pour les m\u00e9dicaments prot\u00e9g\u00e9s par un brevet a donc une nouvelle fois\nr\u00e9gress\u00e9 par rapport \u00e0 l\u2019ann\u00e9e pr\u00e9c\u00e9dente (7%), principalement en raison des\ncontr\u00f4les r\u00e9guliers de prix par l\u2019OFSP. Les produits originaux tomb\u00e9s dans le\ndomaine public co\u00fbtent 10% de moins \u00e0 l\u2019\u00e9tranger.<\/p>\n\n\n\n<p> <strong>250&nbsp;produits originaux phares, 9&nbsp;pays confondus <\/strong>(taux de change CHF\/EUR: 1.15)&nbsp;; prix d\u2019avril&nbsp;2020<\/p>\n\n\n\n<figure class=\"wp-block-image size-large\"><img decoding=\"async\" src=\"https:\/\/iph-multisite.berta-bewegt.ch\/wp-content\/uploads\/2020\/08\/APV-Bild-1-1024x643.png\" alt=\"\" class=\"wp-image-8271\"\/><figcaption> <br>Source: sant\u00e9suisse et Interpharma (ao\u00fbt&nbsp;2020), comparaison commune de prix avec l\u2019\u00e9tranger<\/figcaption><\/figure>\n\n\n\n<p> L\u2019industrie pharmaceutique est le seul acteur du syst\u00e8me de sant\u00e9 qui, gr\u00e2ce aux contr\u00f4les institutionnalis\u00e9s des prix des m\u00e9dicaments, contribue r\u00e9guli\u00e8rement aux \u00e9conomies faites dans ce secteur. Les baisses du prix des m\u00e9dicaments ont d\u00e9j\u00e0 permis d\u2019\u00e9conomiser plus d\u2019un milliard de francs depuis 2012. L\u2019industrie pharmaceutique suisse soutient cette contribution, mais \u0153uvre dans le m\u00eame temps pour que les patients aient acc\u00e8s rapidement aux innovations en Suisse. Malheureusement, les chiffres montrent que l\u2019admission au remboursement obligatoire des m\u00e9dicaments innovants est de plus en plus ralentie. En 2019, seuls 24% des produits dont le remboursement a \u00e9t\u00e9 demand\u00e9 ont \u00e9t\u00e9 int\u00e9gr\u00e9s dans la Liste des sp\u00e9cialit\u00e9s dans le d\u00e9lai de 60&nbsp;jours pr\u00e9vu par ordonnance. Le nombre de   demandes qui n\u2019ont pas encore abouti \u00e0 une admission au remboursement obligatoire (136&nbsp;produits) a connu un nouveau record en 2019. Une \u00e9tude de l\u2019universit\u00e9 de Zurich portant sur les ann\u00e9es 2018 et 2017 r\u00e9v\u00e8le qu\u2019apr\u00e8s leur autorisation par Swissmedic, des produits oncologiques ont \u00e9t\u00e9 rembours\u00e9s par les caisses-maladie avec un important retard, qui a atteint 463 \u00e0 660&nbsp;jours en moyenne, selon l\u2019ann\u00e9e. <\/p>\n\n\n\n<p><strong>D\u00e9lai entre l\u2019autorisation de mise sur le march\u00e9 (AMM) par Swissmedic et l\u2019admission dans la LS et non-admissions cumul\u00e9es<\/strong>(en jours); 2014\u20132019<\/p>\n\n\n\n<figure class=\"wp-block-image size-large\"><img decoding=\"async\" src=\"https:\/\/iph-multisite.berta-bewegt.ch\/wp-content\/uploads\/2020\/08\/APV-f-1.png\" alt=\"\" class=\"wp-image-8489\"\/><figcaption> Source: Swissmedic (2014-2019), Liste des sp\u00e9cialit\u00e9s, calculs d\u2019Interpharma.  <\/figcaption><\/figure>\n","protected":false},"excerpt":{"rendered":"<p>Alors que, selon Eurostat, autorit\u00e9 europ\u00e9enne de la statistique, les biens de consommation et les services co\u00fbtaient en 2019 environ un quart de moins dans les neuf pays europ\u00e9ens de comparaison qu\u2019en Suisse, le prix moyen des m\u00e9dicaments prot\u00e9g\u00e9s par un brevet dans d\u2019autres pays europ\u00e9ens n\u2019est que tr\u00e8s l\u00e9g\u00e8rement inf\u00e9rieur (-4,5%) \u00e0 celui relev\u00e9 [&hellip;]<\/p>\n","protected":false},"author":1,"featured_media":1810,"comment_status":"closed","ping_status":"open","sticky":false,"template":"","format":"standard","meta":{"_acf_changed":false,"inline_featured_image":false,"footnotes":""},"tags":[54,122],"class_list":["post-13529","post","type-post","status-publish","format-standard","has-post-thumbnail","hentry","tag-medien-fr","tag-communique-de-presse"],"acf":[],"yoast_head":"<!-- This site is optimized with the Yoast SEO plugin v27.2 - https:\/\/yoast.com\/product\/yoast-seo-wordpress\/ -->\n<title>Comparaison du prix des m\u00e9dicaments avec l\u2019\u00e9tranger: l\u2019\u00e9cart de prix continue de baisser pour les m\u00e9dicaments brevet\u00e9s - Interpharma<\/title>\n<meta name=\"robots\" content=\"noindex, follow, max-snippet:-1, max-image-preview:large, max-video-preview:-1\" \/>\n<meta property=\"og:locale\" content=\"fr_FR\" \/>\n<meta property=\"og:type\" content=\"article\" \/>\n<meta property=\"og:title\" content=\"Comparaison du prix des m\u00e9dicaments avec l\u2019\u00e9tranger: l\u2019\u00e9cart de prix continue de baisser pour les m\u00e9dicaments brevet\u00e9s - Interpharma\" \/>\n<meta property=\"og:description\" content=\"Alors que, selon Eurostat, autorit\u00e9 europ\u00e9enne de la statistique, les biens de consommation et les services co\u00fbtaient en 2019 environ un quart de moins dans les neuf pays europ\u00e9ens de comparaison qu\u2019en Suisse, le prix moyen des m\u00e9dicaments prot\u00e9g\u00e9s par un brevet dans d\u2019autres pays europ\u00e9ens n\u2019est que tr\u00e8s l\u00e9g\u00e8rement inf\u00e9rieur (-4,5%) \u00e0 celui relev\u00e9 [&hellip;]\" \/>\n<meta property=\"og:url\" content=\"https:\/\/iph-multisite.berta-bewegt.ch\/fr\/blog\/auslandpreisvergleich-medikamente-preisdifferenz-zum-ausland-bei-patentgeschuetzten-medikamenten-sinkt-weiter\/\" \/>\n<meta property=\"og:site_name\" content=\"Interpharma\" \/>\n<meta property=\"article:published_time\" content=\"2020-08-13T08:10:00+00:00\" \/>\n<meta property=\"article:modified_time\" content=\"2026-03-03T10:04:10+00:00\" \/>\n<meta property=\"og:image\" content=\"https:\/\/iph-multisite.berta-bewegt.ch\/wp-content\/uploads\/2020\/08\/APV-Bild-1.png\" \/>\n\t<meta property=\"og:image:width\" content=\"1325\" \/>\n\t<meta property=\"og:image:height\" content=\"832\" \/>\n\t<meta property=\"og:image:type\" content=\"image\/png\" \/>\n<meta name=\"author\" content=\"berta_admin\" \/>\n<meta name=\"twitter:card\" content=\"summary_large_image\" \/>\n<meta name=\"twitter:label1\" content=\"\u00c9crit par\" \/>\n\t<meta name=\"twitter:data1\" content=\"berta_admin\" \/>\n\t<meta name=\"twitter:label2\" content=\"Dur\u00e9e de lecture estim\u00e9e\" \/>\n\t<meta name=\"twitter:data2\" content=\"2 minutes\" \/>\n<script type=\"application\/ld+json\" class=\"yoast-schema-graph\">{\"@context\":\"https:\/\/schema.org\",\"@graph\":[{\"@type\":\"Article\",\"@id\":\"https:\/\/iph-multisite.berta-bewegt.ch\/fr\/blog\/auslandpreisvergleich-medikamente-preisdifferenz-zum-ausland-bei-patentgeschuetzten-medikamenten-sinkt-weiter\/#article\",\"isPartOf\":{\"@id\":\"https:\/\/iph-multisite.berta-bewegt.ch\/fr\/blog\/auslandpreisvergleich-medikamente-preisdifferenz-zum-ausland-bei-patentgeschuetzten-medikamenten-sinkt-weiter\/\"},\"author\":{\"name\":\"berta_admin\",\"@id\":\"https:\/\/iph-multisite.berta-bewegt.ch\/#\/schema\/person\/749c3574947ecc016332eb58d91e45a3\"},\"headline\":\"Comparaison du prix des m\u00e9dicaments avec l\u2019\u00e9tranger: l\u2019\u00e9cart de prix continue de baisser pour les m\u00e9dicaments brevet\u00e9s\",\"datePublished\":\"2020-08-13T08:10:00+00:00\",\"dateModified\":\"2026-03-03T10:04:10+00:00\",\"mainEntityOfPage\":{\"@id\":\"https:\/\/iph-multisite.berta-bewegt.ch\/fr\/blog\/auslandpreisvergleich-medikamente-preisdifferenz-zum-ausland-bei-patentgeschuetzten-medikamenten-sinkt-weiter\/\"},\"wordCount\":514,\"image\":{\"@id\":\"https:\/\/iph-multisite.berta-bewegt.ch\/fr\/blog\/auslandpreisvergleich-medikamente-preisdifferenz-zum-ausland-bei-patentgeschuetzten-medikamenten-sinkt-weiter\/#primaryimage\"},\"thumbnailUrl\":\"https:\/\/iph-multisite.berta-bewegt.ch\/wp-content\/uploads\/2020\/08\/APV-Bild-1.png\",\"keywords\":[\"M\u00e9dias\",\"Communiqu\u00e9 de presse\"],\"inLanguage\":\"fr-FR\",\"copyrightYear\":\"2020\",\"copyrightHolder\":{\"@id\":\"https:\/\/iph-multisite.berta-bewegt.ch\/#organization\"}},{\"@type\":\"WebPage\",\"@id\":\"https:\/\/iph-multisite.berta-bewegt.ch\/fr\/blog\/auslandpreisvergleich-medikamente-preisdifferenz-zum-ausland-bei-patentgeschuetzten-medikamenten-sinkt-weiter\/\",\"url\":\"https:\/\/iph-multisite.berta-bewegt.ch\/fr\/blog\/auslandpreisvergleich-medikamente-preisdifferenz-zum-ausland-bei-patentgeschuetzten-medikamenten-sinkt-weiter\/\",\"name\":\"Comparaison du prix des m\u00e9dicaments avec l\u2019\u00e9tranger: l\u2019\u00e9cart de prix continue de baisser pour les m\u00e9dicaments brevet\u00e9s - Interpharma\",\"isPartOf\":{\"@id\":\"https:\/\/iph-multisite.berta-bewegt.ch\/#website\"},\"primaryImageOfPage\":{\"@id\":\"https:\/\/iph-multisite.berta-bewegt.ch\/fr\/blog\/auslandpreisvergleich-medikamente-preisdifferenz-zum-ausland-bei-patentgeschuetzten-medikamenten-sinkt-weiter\/#primaryimage\"},\"image\":{\"@id\":\"https:\/\/iph-multisite.berta-bewegt.ch\/fr\/blog\/auslandpreisvergleich-medikamente-preisdifferenz-zum-ausland-bei-patentgeschuetzten-medikamenten-sinkt-weiter\/#primaryimage\"},\"thumbnailUrl\":\"https:\/\/iph-multisite.berta-bewegt.ch\/wp-content\/uploads\/2020\/08\/APV-Bild-1.png\",\"datePublished\":\"2020-08-13T08:10:00+00:00\",\"dateModified\":\"2026-03-03T10:04:10+00:00\",\"author\":{\"@id\":\"https:\/\/iph-multisite.berta-bewegt.ch\/#\/schema\/person\/749c3574947ecc016332eb58d91e45a3\"},\"breadcrumb\":{\"@id\":\"https:\/\/iph-multisite.berta-bewegt.ch\/fr\/blog\/auslandpreisvergleich-medikamente-preisdifferenz-zum-ausland-bei-patentgeschuetzten-medikamenten-sinkt-weiter\/#breadcrumb\"},\"inLanguage\":\"fr-FR\",\"potentialAction\":[{\"@type\":\"ReadAction\",\"target\":[\"https:\/\/iph-multisite.berta-bewegt.ch\/fr\/blog\/auslandpreisvergleich-medikamente-preisdifferenz-zum-ausland-bei-patentgeschuetzten-medikamenten-sinkt-weiter\/\"]}]},{\"@type\":\"ImageObject\",\"inLanguage\":\"fr-FR\",\"@id\":\"https:\/\/iph-multisite.berta-bewegt.ch\/fr\/blog\/auslandpreisvergleich-medikamente-preisdifferenz-zum-ausland-bei-patentgeschuetzten-medikamenten-sinkt-weiter\/#primaryimage\",\"url\":\"https:\/\/iph-multisite.berta-bewegt.ch\/wp-content\/uploads\/2020\/08\/APV-Bild-1.png\",\"contentUrl\":\"https:\/\/iph-multisite.berta-bewegt.ch\/wp-content\/uploads\/2020\/08\/APV-Bild-1.png\",\"width\":1325,\"height\":832},{\"@type\":\"BreadcrumbList\",\"@id\":\"https:\/\/iph-multisite.berta-bewegt.ch\/fr\/blog\/auslandpreisvergleich-medikamente-preisdifferenz-zum-ausland-bei-patentgeschuetzten-medikamenten-sinkt-weiter\/#breadcrumb\",\"itemListElement\":[{\"@type\":\"ListItem\",\"position\":1,\"name\":\"Startseite\",\"item\":\"https:\/\/iph-multisite.berta-bewegt.ch\/fr\/\"},{\"@type\":\"ListItem\",\"position\":2,\"name\":\"Comparaison du prix des m\u00e9dicaments avec l\u2019\u00e9tranger: l\u2019\u00e9cart de prix continue de baisser pour les m\u00e9dicaments brevet\u00e9s\"}]},{\"@type\":\"WebSite\",\"@id\":\"https:\/\/iph-multisite.berta-bewegt.ch\/#website\",\"url\":\"https:\/\/iph-multisite.berta-bewegt.ch\/\",\"name\":\"Interpharma\",\"description\":\"Verband der forschenden Pharmazeutischen Firmen\",\"potentialAction\":[{\"@type\":\"SearchAction\",\"target\":{\"@type\":\"EntryPoint\",\"urlTemplate\":\"https:\/\/iph-multisite.berta-bewegt.ch\/?s={search_term_string}\"},\"query-input\":{\"@type\":\"PropertyValueSpecification\",\"valueRequired\":true,\"valueName\":\"search_term_string\"}}],\"inLanguage\":\"fr-FR\"},{\"@type\":\"Person\",\"@id\":\"https:\/\/iph-multisite.berta-bewegt.ch\/#\/schema\/person\/749c3574947ecc016332eb58d91e45a3\",\"name\":\"berta_admin\",\"image\":{\"@type\":\"ImageObject\",\"inLanguage\":\"fr-FR\",\"@id\":\"https:\/\/secure.gravatar.com\/avatar\/a2aeb00900e30743ff2859dfc3dd11cf7e64bb4ec7a1f349ee3772658a1d087d?s=96&d=mm&r=g\",\"url\":\"https:\/\/secure.gravatar.com\/avatar\/a2aeb00900e30743ff2859dfc3dd11cf7e64bb4ec7a1f349ee3772658a1d087d?s=96&d=mm&r=g\",\"contentUrl\":\"https:\/\/secure.gravatar.com\/avatar\/a2aeb00900e30743ff2859dfc3dd11cf7e64bb4ec7a1f349ee3772658a1d087d?s=96&d=mm&r=g\",\"caption\":\"berta_admin\"},\"sameAs\":[\"https:\/\/iph-multisite.berta-bewegt.ch\"]}]}<\/script>\n<!-- \/ Yoast SEO plugin. -->","yoast_head_json":{"title":"Comparaison du prix des m\u00e9dicaments avec l\u2019\u00e9tranger: l\u2019\u00e9cart de prix continue de baisser pour les m\u00e9dicaments brevet\u00e9s - Interpharma","robots":{"index":"noindex","follow":"follow","max-snippet":"max-snippet:-1","max-image-preview":"max-image-preview:large","max-video-preview":"max-video-preview:-1"},"og_locale":"fr_FR","og_type":"article","og_title":"Comparaison du prix des m\u00e9dicaments avec l\u2019\u00e9tranger: l\u2019\u00e9cart de prix continue de baisser pour les m\u00e9dicaments brevet\u00e9s - Interpharma","og_description":"Alors que, selon Eurostat, autorit\u00e9 europ\u00e9enne de la statistique, les biens de consommation et les services co\u00fbtaient en 2019 environ un quart de moins dans les neuf pays europ\u00e9ens de comparaison qu\u2019en Suisse, le prix moyen des m\u00e9dicaments prot\u00e9g\u00e9s par un brevet dans d\u2019autres pays europ\u00e9ens n\u2019est que tr\u00e8s l\u00e9g\u00e8rement inf\u00e9rieur (-4,5%) \u00e0 celui relev\u00e9 [&hellip;]","og_url":"https:\/\/iph-multisite.berta-bewegt.ch\/fr\/blog\/auslandpreisvergleich-medikamente-preisdifferenz-zum-ausland-bei-patentgeschuetzten-medikamenten-sinkt-weiter\/","og_site_name":"Interpharma","article_published_time":"2020-08-13T08:10:00+00:00","article_modified_time":"2026-03-03T10:04:10+00:00","og_image":[{"width":1325,"height":832,"url":"https:\/\/iph-multisite.berta-bewegt.ch\/wp-content\/uploads\/2020\/08\/APV-Bild-1.png","type":"image\/png"}],"author":"berta_admin","twitter_card":"summary_large_image","twitter_misc":{"\u00c9crit par":"berta_admin","Dur\u00e9e de lecture estim\u00e9e":"2 minutes"},"schema":{"@context":"https:\/\/schema.org","@graph":[{"@type":"Article","@id":"https:\/\/iph-multisite.berta-bewegt.ch\/fr\/blog\/auslandpreisvergleich-medikamente-preisdifferenz-zum-ausland-bei-patentgeschuetzten-medikamenten-sinkt-weiter\/#article","isPartOf":{"@id":"https:\/\/iph-multisite.berta-bewegt.ch\/fr\/blog\/auslandpreisvergleich-medikamente-preisdifferenz-zum-ausland-bei-patentgeschuetzten-medikamenten-sinkt-weiter\/"},"author":{"name":"berta_admin","@id":"https:\/\/iph-multisite.berta-bewegt.ch\/#\/schema\/person\/749c3574947ecc016332eb58d91e45a3"},"headline":"Comparaison du prix des m\u00e9dicaments avec l\u2019\u00e9tranger: l\u2019\u00e9cart de prix continue de baisser pour les m\u00e9dicaments brevet\u00e9s","datePublished":"2020-08-13T08:10:00+00:00","dateModified":"2026-03-03T10:04:10+00:00","mainEntityOfPage":{"@id":"https:\/\/iph-multisite.berta-bewegt.ch\/fr\/blog\/auslandpreisvergleich-medikamente-preisdifferenz-zum-ausland-bei-patentgeschuetzten-medikamenten-sinkt-weiter\/"},"wordCount":514,"image":{"@id":"https:\/\/iph-multisite.berta-bewegt.ch\/fr\/blog\/auslandpreisvergleich-medikamente-preisdifferenz-zum-ausland-bei-patentgeschuetzten-medikamenten-sinkt-weiter\/#primaryimage"},"thumbnailUrl":"https:\/\/iph-multisite.berta-bewegt.ch\/wp-content\/uploads\/2020\/08\/APV-Bild-1.png","keywords":["M\u00e9dias","Communiqu\u00e9 de presse"],"inLanguage":"fr-FR","copyrightYear":"2020","copyrightHolder":{"@id":"https:\/\/iph-multisite.berta-bewegt.ch\/#organization"}},{"@type":"WebPage","@id":"https:\/\/iph-multisite.berta-bewegt.ch\/fr\/blog\/auslandpreisvergleich-medikamente-preisdifferenz-zum-ausland-bei-patentgeschuetzten-medikamenten-sinkt-weiter\/","url":"https:\/\/iph-multisite.berta-bewegt.ch\/fr\/blog\/auslandpreisvergleich-medikamente-preisdifferenz-zum-ausland-bei-patentgeschuetzten-medikamenten-sinkt-weiter\/","name":"Comparaison du prix des m\u00e9dicaments avec l\u2019\u00e9tranger: l\u2019\u00e9cart de prix continue de baisser pour les m\u00e9dicaments brevet\u00e9s - Interpharma","isPartOf":{"@id":"https:\/\/iph-multisite.berta-bewegt.ch\/#website"},"primaryImageOfPage":{"@id":"https:\/\/iph-multisite.berta-bewegt.ch\/fr\/blog\/auslandpreisvergleich-medikamente-preisdifferenz-zum-ausland-bei-patentgeschuetzten-medikamenten-sinkt-weiter\/#primaryimage"},"image":{"@id":"https:\/\/iph-multisite.berta-bewegt.ch\/fr\/blog\/auslandpreisvergleich-medikamente-preisdifferenz-zum-ausland-bei-patentgeschuetzten-medikamenten-sinkt-weiter\/#primaryimage"},"thumbnailUrl":"https:\/\/iph-multisite.berta-bewegt.ch\/wp-content\/uploads\/2020\/08\/APV-Bild-1.png","datePublished":"2020-08-13T08:10:00+00:00","dateModified":"2026-03-03T10:04:10+00:00","author":{"@id":"https:\/\/iph-multisite.berta-bewegt.ch\/#\/schema\/person\/749c3574947ecc016332eb58d91e45a3"},"breadcrumb":{"@id":"https:\/\/iph-multisite.berta-bewegt.ch\/fr\/blog\/auslandpreisvergleich-medikamente-preisdifferenz-zum-ausland-bei-patentgeschuetzten-medikamenten-sinkt-weiter\/#breadcrumb"},"inLanguage":"fr-FR","potentialAction":[{"@type":"ReadAction","target":["https:\/\/iph-multisite.berta-bewegt.ch\/fr\/blog\/auslandpreisvergleich-medikamente-preisdifferenz-zum-ausland-bei-patentgeschuetzten-medikamenten-sinkt-weiter\/"]}]},{"@type":"ImageObject","inLanguage":"fr-FR","@id":"https:\/\/iph-multisite.berta-bewegt.ch\/fr\/blog\/auslandpreisvergleich-medikamente-preisdifferenz-zum-ausland-bei-patentgeschuetzten-medikamenten-sinkt-weiter\/#primaryimage","url":"https:\/\/iph-multisite.berta-bewegt.ch\/wp-content\/uploads\/2020\/08\/APV-Bild-1.png","contentUrl":"https:\/\/iph-multisite.berta-bewegt.ch\/wp-content\/uploads\/2020\/08\/APV-Bild-1.png","width":1325,"height":832},{"@type":"BreadcrumbList","@id":"https:\/\/iph-multisite.berta-bewegt.ch\/fr\/blog\/auslandpreisvergleich-medikamente-preisdifferenz-zum-ausland-bei-patentgeschuetzten-medikamenten-sinkt-weiter\/#breadcrumb","itemListElement":[{"@type":"ListItem","position":1,"name":"Startseite","item":"https:\/\/iph-multisite.berta-bewegt.ch\/fr\/"},{"@type":"ListItem","position":2,"name":"Comparaison du prix des m\u00e9dicaments avec l\u2019\u00e9tranger: l\u2019\u00e9cart de prix continue de baisser pour les m\u00e9dicaments brevet\u00e9s"}]},{"@type":"WebSite","@id":"https:\/\/iph-multisite.berta-bewegt.ch\/#website","url":"https:\/\/iph-multisite.berta-bewegt.ch\/","name":"Interpharma","description":"Verband der forschenden Pharmazeutischen Firmen","potentialAction":[{"@type":"SearchAction","target":{"@type":"EntryPoint","urlTemplate":"https:\/\/iph-multisite.berta-bewegt.ch\/?s={search_term_string}"},"query-input":{"@type":"PropertyValueSpecification","valueRequired":true,"valueName":"search_term_string"}}],"inLanguage":"fr-FR"},{"@type":"Person","@id":"https:\/\/iph-multisite.berta-bewegt.ch\/#\/schema\/person\/749c3574947ecc016332eb58d91e45a3","name":"berta_admin","image":{"@type":"ImageObject","inLanguage":"fr-FR","@id":"https:\/\/secure.gravatar.com\/avatar\/a2aeb00900e30743ff2859dfc3dd11cf7e64bb4ec7a1f349ee3772658a1d087d?s=96&d=mm&r=g","url":"https:\/\/secure.gravatar.com\/avatar\/a2aeb00900e30743ff2859dfc3dd11cf7e64bb4ec7a1f349ee3772658a1d087d?s=96&d=mm&r=g","contentUrl":"https:\/\/secure.gravatar.com\/avatar\/a2aeb00900e30743ff2859dfc3dd11cf7e64bb4ec7a1f349ee3772658a1d087d?s=96&d=mm&r=g","caption":"berta_admin"},"sameAs":["https:\/\/iph-multisite.berta-bewegt.ch"]}]}},"_links":{"self":[{"href":"https:\/\/iph-multisite.berta-bewegt.ch\/fr\/wp-json\/wp\/v2\/posts\/13529","targetHints":{"allow":["GET"]}}],"collection":[{"href":"https:\/\/iph-multisite.berta-bewegt.ch\/fr\/wp-json\/wp\/v2\/posts"}],"about":[{"href":"https:\/\/iph-multisite.berta-bewegt.ch\/fr\/wp-json\/wp\/v2\/types\/post"}],"author":[{"embeddable":true,"href":"https:\/\/iph-multisite.berta-bewegt.ch\/fr\/wp-json\/wp\/v2\/users\/1"}],"replies":[{"embeddable":true,"href":"https:\/\/iph-multisite.berta-bewegt.ch\/fr\/wp-json\/wp\/v2\/comments?post=13529"}],"version-history":[{"count":1,"href":"https:\/\/iph-multisite.berta-bewegt.ch\/fr\/wp-json\/wp\/v2\/posts\/13529\/revisions"}],"predecessor-version":[{"id":13530,"href":"https:\/\/iph-multisite.berta-bewegt.ch\/fr\/wp-json\/wp\/v2\/posts\/13529\/revisions\/13530"}],"wp:featuredmedia":[{"embeddable":true,"href":"https:\/\/iph-multisite.berta-bewegt.ch\/fr\/wp-json\/wp\/v2\/media\/1810"}],"wp:attachment":[{"href":"https:\/\/iph-multisite.berta-bewegt.ch\/fr\/wp-json\/wp\/v2\/media?parent=13529"}],"wp:term":[{"taxonomy":"post_tag","embeddable":true,"href":"https:\/\/iph-multisite.berta-bewegt.ch\/fr\/wp-json\/wp\/v2\/tags?post=13529"}],"curies":[{"name":"wp","href":"https:\/\/api.w.org\/{rel}","templated":true}]}}