{"id":13810,"date":"2023-01-23T10:47:45","date_gmt":"2023-01-23T09:47:45","guid":{"rendered":"https:\/\/iph-multisite.berta-bewegt.ch\/?p=13810"},"modified":"2026-03-03T10:47:29","modified_gmt":"2026-03-03T09:47:29","slug":"serie-de-blogs-sur-la-conference-de-presse-annuelle-dinterpharma-partie-1-la-place-pharmaceutique-suisse-a-besoin-de-mise-en-reseau","status":"publish","type":"post","link":"https:\/\/iph-multisite.berta-bewegt.ch\/fr\/blog\/serie-de-blogs-sur-la-conference-de-presse-annuelle-dinterpharma-partie-1-la-place-pharmaceutique-suisse-a-besoin-de-mise-en-reseau\/","title":{"rendered":"S\u00e9rie de blogs sur la conf\u00e9rence de presse annuelle d\u2019Interpharma &#8211; Partie 1: La place pharmaceutique suisse a besoin de mise en r\u00e9seau"},"content":{"rendered":"\n<p><em>J\u00f6rg-Michael Rupp, Directeur Pharma International, Roche<\/em><\/p>\n\n\n\n<p class=\"is-style-paragraph-lead-text\"><strong>Que retire l\u2019industrie pharmaceutique pratiquant la recherche en Suisse de l\u2019ann\u00e9e pass\u00e9e? Et que doit-il encore se faire en 2023 et au-del\u00e0 pour que la place pharmaceutique suisse d\u00e9fende sa position de leader et que les patient-e-s aient acc\u00e8s aux innovations m\u00e9dicales? Dans la partie 1 de notre s\u00e9rie de blogs, J\u00f6rg Rupp, pr\u00e9sident d\u2019Interpharma, montre pourquoi la position de pointe de la place pharmaceutique suisse est de plus en plus en danger et ce que l\u2019on peut faire pour y rem\u00e9dier.<\/strong><strong><\/strong><\/p>\n\n\n\n<p>Les chiffres sont impressionnants: quelque 250&nbsp;000 emplois directs et indirects et 61.4&nbsp;milliards de francs de valeur ajout\u00e9e font de l\u2019industrie pharmaceutique le v\u00e9ritable moteur de l\u2019\u00e9conomie suisse. Les entreprises pharmaceutiques font des investissements nettement sup\u00e9rieurs \u00e0 la moyenne dans la place de recherche suisse. La branche pharmaceutique finance aujourd\u2019hui la majeure partie de la recherche et d\u00e9veloppement du secteur priv\u00e9: en 2021, le secteur priv\u00e9 a investi 16.8&nbsp;milliards de francs dans la place de recherche suisse, dont 37% par l\u2019industrie pharmaceutique, c\u2019est-\u00e0-dire de loin la plus grande part, avec une nouvelle hausse de 4% par rapport \u00e0 2019. Si nous ajoutons les mandats de recherche que les entreprises pharmaceutiques confient \u00e0 des laboratoires et institutions de recherche externes, la part de la branche pharmaceutique se monte entre-temps \u00e0 pr\u00e8s de 50%.<\/p>\n\n\n\n<p>L\u2019industrie pharmaceutique est aussi la principale branche d\u2019exportation suisse, r\u00e9alisant 42% de l\u2019ensemble des exportations. Cette part a doubl\u00e9 au cours des 20 derni\u00e8res ann\u00e9es. En 2021, les exportations pharmaceutiques ont non seulement atteint, mais largement d\u00e9pass\u00e9 le seuil des 100&nbsp;milliards de francs, atteignant au total une valeur de 109&nbsp;milliards de francs. L\u2019Union Europ\u00e9enne reste le principal march\u00e9 de l\u2019industrie pharmaceutique, et de loin: 48% des exportations. Cela veut dire inversement que la Suisse, en tant que l\u2019un des plus grands sites de production pharmaceutique d\u2019Europe, est \u00e9galement essentielle pour la r\u00e9silience et la s\u00e9curit\u00e9 d\u2019approvisionnement de l\u2019UE.<\/p>\n\n\n\n            <section id=\"image-zoom-69f2b504ac400\" class=\"image-zoom-block block-margins\">\n\n            <figure class=\"zoom\" onmousemove=\"zoom(event)\" onmouseleave=\"zoom_leave(event)\" data-img=\"\">\n                <img decoding=\"async\" src=\"\" alt=\"Icon\">\n            <\/figure>\n\n            \n        <\/section>\n    \n\n\n\n<p>Excellent, pourrait-on conclure, voil\u00e0 qui va pour le mieux. Mais ce n\u2019est pas si simple: \u00e0 moyen et long terme, la position de pointe de la place suisse est h\u00e9las en danger.<\/p>\n\n\n\n<p>Mais quelles en sont les causes? Tout d\u2019abord, force est de constater qu\u2019en d\u00e9pit de signaux positifs, une solution n\u2019est toujours pas en vue pour les \u00e9claircissements requis d\u2019urgence dans les relations entre la Suisse et l\u2019Union europ\u00e9enne. Pendant ce temps, l\u2019\u00e9rosion des accords bilat\u00e9raux se poursuit, par exemple par l\u2019exclusion de la Suisse du programme de recherche Horizon Europe. Bien que le Conseil f\u00e9d\u00e9ral ait pris \u00e0 cet \u00e9gard des mesures louables, les effets n\u00e9gatifs de cette exclusion pour la place de recherche n\u2019ont pas encore pu \u00eatre contrebalanc\u00e9s.<\/p>\n\n\n\n<h2 class=\"wp-block-heading\" id=\"h-stagnation-douloureuse-du-dossier-ue\"><strong>Stagnation douloureuse du dossier UE<\/strong><strong><\/strong><\/h2>\n\n\n\n<p>Le fait que les accords existants ne soient plus mis \u00e0 jour est un grand probl\u00e8me, non seulement pour la recherche d\u00e9j\u00e0 affect\u00e9e actuellement, mais aussi \u00e0 moyen terme pour l\u2019Accord de reconnaissance mutuel (ARM) dans le domaine pharmaceutique. En effet, concr\u00e8tement, le remaniement de la l\u00e9gislation g\u00e9n\u00e9rale de l\u2019UE relative aux produits pharmaceutiques dans le cadre de la \u00abStrat\u00e9gie pharmaceutique pour l\u2019Europe\u00bb est \u00e0 l\u2019ordre du jour, et certaines parties de l\u2019ARM entre la Suisse et l\u2019UE se r\u00e9f\u00e8rent, aussi bien au niveau du contenu que du point de vue juridique, \u00e0 la l\u00e9gislation existante. Si une nouvelle l\u00e9gislation de l\u2019UE entre en vigueur, il faudra mettre \u00e0 jour ces parties de l\u2019ARM pour maintenir leur validit\u00e9 juridique. Cette th\u00e9matique sera d\u2019actualit\u00e9 cette ann\u00e9e et concerne directement le site pharmaceutique suisse, il ne faut donc pas la sous-estimer. On ne sait cependant pas encore pr\u00e9cis\u00e9ment dans quelle mesure cela affectera la Suisse. Mais nous constatons aussi que de nouveaux accords importants, par exemple dans le domaine de l\u2019\u00e9nergie ou de la sant\u00e9, ne sont tout simplement pas conclus. La Suisse le ressent douloureusement actuellement.<\/p>\n\n\n\n<p>La comp\u00e9titivit\u00e9 de la place pharmaceutique suisse d\u00e9pend fortement de relations stables et bien r\u00e9gl\u00e9es avec l\u2019Union europ\u00e9enne. En particulier l\u2019Accord de reconnaissance mutuelle (ARM), l\u2019accord sur la recherche, ainsi que la libre circulation des personnes rev\u00eatent une importance capitale pour la branche pharmaceutique. Nous saluons donc le fait que le Conseil f\u00e9d\u00e9ral continue de se prononcer pour la voie bilat\u00e9rale. Mais nous attendons aussi que les entretiens se poursuivent et que les n\u00e9gociations reprennent.<\/p>\n\n\n\n<p>Je me permets de rappeler que l\u2019\u00e9rosion des accords bilat\u00e9raux remet en cause, pour la seule branche pharmaceutique, une valeur ajout\u00e9e cumul\u00e9e de quelque 25&nbsp;milliards de francs au total. La Suisse et son industrie pharmaceutique ont besoin d\u2019urgence d\u2019une stabilisation des relations avec l\u2019UE.<\/p>\n\n\n\n<h2 class=\"wp-block-heading\"><strong>La transformation num\u00e9rique doit \u00eatre une priorit\u00e9 majeure<\/strong><strong><\/strong><\/h2>\n\n\n\n<p>Un sujet d\u2019une importance similaire est la <strong>transformation num\u00e9rique du syst\u00e8me de sant\u00e9<\/strong>. \u00c0 cet \u00e9gard, nous disposons enfin de d\u00e9lais concrets et donc d\u2019une feuille de route pour des mesures et un financement. Mais la Suisse ne doit surtout pas rel\u00e2cher ses efforts, car de nombreux pays nous ont largement distanc\u00e9s. Au lieu de p\u00e9daler en t\u00eate, la Suisse est quelque part en queue du peloton europ\u00e9en (cf. graphique).<\/p>\n\n\n\n            <section id=\"image-zoom-69f2b504acd3b\" class=\"image-zoom-block block-margins\">\n\n            <figure class=\"zoom\" onmousemove=\"zoom(event)\" onmouseleave=\"zoom_leave(event)\" data-img=\"\">\n                <img decoding=\"async\" src=\"\" alt=\"Icon\">\n            <\/figure>\n\n            \n        <\/section>\n    \n\n\n\n<p>Si la Suisse ne veut pas se faire d\u00e9finitivement distancer \u00e0 l\u2019international, il faut que la Conf\u00e9d\u00e9ration agisse rapidement et \u00e9nergiquement et fasse de la transformation num\u00e9rique, en particulier dans le syst\u00e8me de sant\u00e9, une priorit\u00e9 majeure. En fait partie que le Parlement ne recule pas devant les investissements \u00e0 consentir dans le syst\u00e8me de sant\u00e9 informatis\u00e9, mais assume ses responsabilit\u00e9s pour ce projet pour les g\u00e9n\u00e9rations futures, y compris vu l\u2019\u00e9volution au niveau de l\u2019UE. En 2024, l\u2019espace europ\u00e9en des donn\u00e9es de sant\u00e9 doit y \u00eatre mis en place et devenir le premier espace europ\u00e9en de donn\u00e9es sur neuf espaces sectoriels interop\u00e9rables pr\u00e9vus. Cela veut dire qu\u2019un march\u00e9 europ\u00e9en des donn\u00e9es de sant\u00e9 est cr\u00e9\u00e9.<\/p>\n\n\n\n<p>Certes, l\u2019adoption de la motion de la CSEC-E par le Conseil des \u00c9tats est un bon d\u00e9but, mais il faut \u00e0 pr\u00e9sent que le second Conseil l\u2019approuve \u00e9galement et que le Conseil f\u00e9d\u00e9ral se mette rapidement \u00e0 l\u2019ouvrage.<br><br>La demande d\u2019un cadre juridique pour l\u2019utilisation des donn\u00e9es de sant\u00e9 n\u2019est pas nouvelle, en particulier Interpharma la formule d\u00e9j\u00e0 depuis des ann\u00e9es. En octobre 2022, nous avons pr\u00e9sent\u00e9 \u00e0 ce sujet une expertise juridique qui soutient cette demande. Cette expertise constate que l\u2019actuel manque d\u2019unit\u00e9 de l\u2019ordre juridique repr\u00e9sente un obstacle important \u00e0 une meilleure et plus grande utilisation des donn\u00e9es de sant\u00e9.<\/p>\n\n\n\n<p>L\u2019industrie pharmaceutique apporte une contribution consid\u00e9rable \u00e0 la prise en charge sanitaire et \u00e0 la prosp\u00e9rit\u00e9 \u00e9conomique de notre pays et nous voulons continuer \u00e0 le faire. C\u2019est pourquoi, en 2023, Interpharma entend s\u2019engager en particulier dans les domaines suivants:<\/p>\n\n\n\n<p><strong>Premi\u00e8rement<\/strong>, la place pharmaceutique et scientifique suisse est tributaire de <strong>relations bien r\u00e9gl\u00e9es<\/strong> avec nos partenaires \u00e9trangers, et tout particuli\u00e8rement avec l\u2019<strong>Union europ\u00e9enne<\/strong>. En effet, <strong>l\u2019ouverture et la mise en r\u00e9seau font partie des cl\u00e9s du succ\u00e8s de la Suisse<\/strong>. Il est donc urgent de stabiliser les relations bilat\u00e9rales. Cette ann\u00e9e, il faut faire avancer rapidement ce dossier et travailler \u00e0 une solution pour des relations stables avec notre principal partenaire commercial. Je rappelle la \u00abStrat\u00e9gie pharmaceutique pour l\u2019Europe\u00bb. Nous nous pronon\u00e7ons \u00e9galement en faveur d\u2019autres accords de libre-\u00e9change ainsi que d\u2019accords sur la recherche et sur la transformation num\u00e9rique, \u00e9galement avec des partenaires solides hors UE. L\u2019ARM avec les \u00c9tats-Unis dans le domaine des bonnes pratiques de fabrication montre qu\u2019il est possible d\u2019arriver rapidement \u00e0 des solutions pragmatiques avec des partenaires importants. La Suisse doit poursuivre dans cette voie.<\/p>\n\n\n\n<p><strong>Deuxi\u00e8mement<\/strong>, il est essentiel que la Conf\u00e9d\u00e9ration agisse enfin <strong>concr\u00e8tement pour la transformation num\u00e9rique<\/strong>: en Suisse, il faut que nous mettions en place rapidement, et surtout en commun, un <strong>\u00e9cosyst\u00e8me de donn\u00e9es<\/strong>. Nous avons besoin d\u2019une vision commune et d\u2019un cadre juridique clair et uniforme. L\u2019\u00e9cosyst\u00e8me de donn\u00e9es de sant\u00e9 suisse doit en outre \u00eatre compatible avec d\u2019autres \u00e9cosyst\u00e8mes de donn\u00e9es, en particulier avec l\u2019espace europ\u00e9en des donn\u00e9es de sant\u00e9. Il faut \u00e0 cet \u00e9gard appuyer sur l\u2019acc\u00e9l\u00e9rateur, car nous risquons grandement d\u2019\u00eatre distanc\u00e9s \u00e0 l\u2019international.<\/p>\n\n\n\n<p>Et <strong>troisi\u00e8mement<\/strong>, nous attendons avec impatience le rapport sur le postulat Schmid qui demande un rapport d\u00e9crivant les mesures qu\u2019il convient de prendre pour <strong>renforcer le positionnement de la Suisse en tant que p\u00f4le de biotechnologie et de production pharmaceutique<\/strong>. Nous attendons que ce rapport contienne des mesures concr\u00e8tes et applicables. Et nous attendons du Conseil f\u00e9d\u00e9ral qu\u2019il agisse rapidement et \u00e9nergiquement pour que la place suisse ne perde pas sa comp\u00e9titivit\u00e9.<\/p>\n\n\n\n            <section id=\"image-zoom-69f2b504ad042\" class=\"image-zoom-block block-margins\">\n\n            <figure class=\"zoom\" onmousemove=\"zoom(event)\" onmouseleave=\"zoom_leave(event)\" data-img=\"\">\n                <img decoding=\"async\" src=\"\" alt=\"Icon\">\n            <\/figure>\n\n            \n        <\/section>\n    \n","protected":false},"excerpt":{"rendered":"<p>J\u00f6rg-Michael Rupp, Directeur Pharma International, Roche Que retire l\u2019industrie pharmaceutique pratiquant la recherche en Suisse de l\u2019ann\u00e9e pass\u00e9e? Et que doit-il encore se faire en 2023 et au-del\u00e0 pour que la place pharmaceutique suisse d\u00e9fende sa position de leader et que les patient-e-s aient acc\u00e8s aux innovations m\u00e9dicales? Dans la partie 1 de notre s\u00e9rie [&hellip;]<\/p>\n","protected":false},"author":1,"featured_media":2607,"comment_status":"closed","ping_status":"open","sticky":false,"template":"","format":"standard","meta":{"_acf_changed":false,"inline_featured_image":false,"footnotes":""},"tags":[148,54,131],"class_list":["post-13810","post","type-post","status-publish","format-standard","has-post-thumbnail","hentry","tag-place-pharmaceutique-suisse","tag-medien-fr","tag-politique"],"acf":[],"yoast_head":"<!-- This site is optimized with the Yoast SEO plugin v27.2 - https:\/\/yoast.com\/product\/yoast-seo-wordpress\/ -->\n<title>S\u00e9rie de blogs sur la conf\u00e9rence de presse annuelle d\u2019Interpharma - Partie 1: La place pharmaceutique suisse a besoin de mise en r\u00e9seau - Interpharma<\/title>\n<meta name=\"robots\" content=\"noindex, follow, max-snippet:-1, max-image-preview:large, max-video-preview:-1\" \/>\n<meta property=\"og:locale\" content=\"fr_FR\" \/>\n<meta property=\"og:type\" content=\"article\" \/>\n<meta property=\"og:title\" content=\"S\u00e9rie de blogs sur la conf\u00e9rence de presse annuelle d\u2019Interpharma - Partie 1: La place pharmaceutique suisse a besoin de mise en r\u00e9seau - Interpharma\" \/>\n<meta property=\"og:description\" content=\"J\u00f6rg-Michael Rupp, Directeur Pharma International, Roche Que retire l\u2019industrie pharmaceutique pratiquant la recherche en Suisse de l\u2019ann\u00e9e pass\u00e9e? Et que doit-il encore se faire en 2023 et au-del\u00e0 pour que la place pharmaceutique suisse d\u00e9fende sa position de leader et que les patient-e-s aient acc\u00e8s aux innovations m\u00e9dicales? Dans la partie 1 de notre s\u00e9rie [&hellip;]\" \/>\n<meta property=\"og:url\" content=\"https:\/\/iph-multisite.berta-bewegt.ch\/fr\/blog\/serie-de-blogs-sur-la-conference-de-presse-annuelle-dinterpharma-partie-1-la-place-pharmaceutique-suisse-a-besoin-de-mise-en-reseau\/\" \/>\n<meta property=\"og:site_name\" content=\"Interpharma\" \/>\n<meta property=\"article:published_time\" content=\"2023-01-23T09:47:45+00:00\" \/>\n<meta property=\"article:modified_time\" content=\"2026-03-03T09:47:29+00:00\" \/>\n<meta property=\"og:image\" content=\"https:\/\/iph-multisite.berta-bewegt.ch\/wp-content\/uploads\/2023\/01\/Grupp-Schwaechere-Qualitaet.jpg\" \/>\n\t<meta property=\"og:image:width\" content=\"1150\" \/>\n\t<meta property=\"og:image:height\" content=\"897\" \/>\n\t<meta property=\"og:image:type\" content=\"image\/jpeg\" \/>\n<meta name=\"author\" content=\"berta_admin\" \/>\n<meta name=\"twitter:card\" content=\"summary_large_image\" \/>\n<meta name=\"twitter:label1\" content=\"\u00c9crit par\" \/>\n\t<meta name=\"twitter:data1\" content=\"berta_admin\" \/>\n\t<meta name=\"twitter:label2\" content=\"Dur\u00e9e de lecture estim\u00e9e\" \/>\n\t<meta name=\"twitter:data2\" content=\"8 minutes\" \/>\n<script type=\"application\/ld+json\" class=\"yoast-schema-graph\">{\"@context\":\"https:\/\/schema.org\",\"@graph\":[{\"@type\":\"Article\",\"@id\":\"https:\/\/iph-multisite.berta-bewegt.ch\/fr\/blog\/serie-de-blogs-sur-la-conference-de-presse-annuelle-dinterpharma-partie-1-la-place-pharmaceutique-suisse-a-besoin-de-mise-en-reseau\/#article\",\"isPartOf\":{\"@id\":\"https:\/\/iph-multisite.berta-bewegt.ch\/fr\/blog\/serie-de-blogs-sur-la-conference-de-presse-annuelle-dinterpharma-partie-1-la-place-pharmaceutique-suisse-a-besoin-de-mise-en-reseau\/\"},\"author\":{\"name\":\"berta_admin\",\"@id\":\"https:\/\/iph-multisite.berta-bewegt.ch\/#\/schema\/person\/749c3574947ecc016332eb58d91e45a3\"},\"headline\":\"S\u00e9rie de blogs sur la conf\u00e9rence de presse annuelle d\u2019Interpharma &#8211; Partie 1: La place pharmaceutique suisse a besoin de mise en r\u00e9seau\",\"datePublished\":\"2023-01-23T09:47:45+00:00\",\"dateModified\":\"2026-03-03T09:47:29+00:00\",\"mainEntityOfPage\":{\"@id\":\"https:\/\/iph-multisite.berta-bewegt.ch\/fr\/blog\/serie-de-blogs-sur-la-conference-de-presse-annuelle-dinterpharma-partie-1-la-place-pharmaceutique-suisse-a-besoin-de-mise-en-reseau\/\"},\"wordCount\":1590,\"image\":{\"@id\":\"https:\/\/iph-multisite.berta-bewegt.ch\/fr\/blog\/serie-de-blogs-sur-la-conference-de-presse-annuelle-dinterpharma-partie-1-la-place-pharmaceutique-suisse-a-besoin-de-mise-en-reseau\/#primaryimage\"},\"thumbnailUrl\":\"https:\/\/iph-multisite.berta-bewegt.ch\/wp-content\/uploads\/2023\/01\/Grupp-Schwaechere-Qualitaet.jpg\",\"keywords\":[\"place pharmaceutique suisse\",\"M\u00e9dias\",\"Politique\"],\"inLanguage\":\"fr-FR\",\"copyrightYear\":\"2023\",\"copyrightHolder\":{\"@id\":\"https:\/\/iph-multisite.berta-bewegt.ch\/#organization\"}},{\"@type\":\"WebPage\",\"@id\":\"https:\/\/iph-multisite.berta-bewegt.ch\/fr\/blog\/serie-de-blogs-sur-la-conference-de-presse-annuelle-dinterpharma-partie-1-la-place-pharmaceutique-suisse-a-besoin-de-mise-en-reseau\/\",\"url\":\"https:\/\/iph-multisite.berta-bewegt.ch\/fr\/blog\/serie-de-blogs-sur-la-conference-de-presse-annuelle-dinterpharma-partie-1-la-place-pharmaceutique-suisse-a-besoin-de-mise-en-reseau\/\",\"name\":\"S\u00e9rie de blogs sur la conf\u00e9rence de presse annuelle d\u2019Interpharma - Partie 1: La place pharmaceutique suisse a besoin de mise en r\u00e9seau - Interpharma\",\"isPartOf\":{\"@id\":\"https:\/\/iph-multisite.berta-bewegt.ch\/#website\"},\"primaryImageOfPage\":{\"@id\":\"https:\/\/iph-multisite.berta-bewegt.ch\/fr\/blog\/serie-de-blogs-sur-la-conference-de-presse-annuelle-dinterpharma-partie-1-la-place-pharmaceutique-suisse-a-besoin-de-mise-en-reseau\/#primaryimage\"},\"image\":{\"@id\":\"https:\/\/iph-multisite.berta-bewegt.ch\/fr\/blog\/serie-de-blogs-sur-la-conference-de-presse-annuelle-dinterpharma-partie-1-la-place-pharmaceutique-suisse-a-besoin-de-mise-en-reseau\/#primaryimage\"},\"thumbnailUrl\":\"https:\/\/iph-multisite.berta-bewegt.ch\/wp-content\/uploads\/2023\/01\/Grupp-Schwaechere-Qualitaet.jpg\",\"datePublished\":\"2023-01-23T09:47:45+00:00\",\"dateModified\":\"2026-03-03T09:47:29+00:00\",\"author\":{\"@id\":\"https:\/\/iph-multisite.berta-bewegt.ch\/#\/schema\/person\/749c3574947ecc016332eb58d91e45a3\"},\"breadcrumb\":{\"@id\":\"https:\/\/iph-multisite.berta-bewegt.ch\/fr\/blog\/serie-de-blogs-sur-la-conference-de-presse-annuelle-dinterpharma-partie-1-la-place-pharmaceutique-suisse-a-besoin-de-mise-en-reseau\/#breadcrumb\"},\"inLanguage\":\"fr-FR\",\"potentialAction\":[{\"@type\":\"ReadAction\",\"target\":[\"https:\/\/iph-multisite.berta-bewegt.ch\/fr\/blog\/serie-de-blogs-sur-la-conference-de-presse-annuelle-dinterpharma-partie-1-la-place-pharmaceutique-suisse-a-besoin-de-mise-en-reseau\/\"]}]},{\"@type\":\"ImageObject\",\"inLanguage\":\"fr-FR\",\"@id\":\"https:\/\/iph-multisite.berta-bewegt.ch\/fr\/blog\/serie-de-blogs-sur-la-conference-de-presse-annuelle-dinterpharma-partie-1-la-place-pharmaceutique-suisse-a-besoin-de-mise-en-reseau\/#primaryimage\",\"url\":\"https:\/\/iph-multisite.berta-bewegt.ch\/wp-content\/uploads\/2023\/01\/Grupp-Schwaechere-Qualitaet.jpg\",\"contentUrl\":\"https:\/\/iph-multisite.berta-bewegt.ch\/wp-content\/uploads\/2023\/01\/Grupp-Schwaechere-Qualitaet.jpg\",\"width\":1150,\"height\":897},{\"@type\":\"BreadcrumbList\",\"@id\":\"https:\/\/iph-multisite.berta-bewegt.ch\/fr\/blog\/serie-de-blogs-sur-la-conference-de-presse-annuelle-dinterpharma-partie-1-la-place-pharmaceutique-suisse-a-besoin-de-mise-en-reseau\/#breadcrumb\",\"itemListElement\":[{\"@type\":\"ListItem\",\"position\":1,\"name\":\"Startseite\",\"item\":\"https:\/\/iph-multisite.berta-bewegt.ch\/fr\/\"},{\"@type\":\"ListItem\",\"position\":2,\"name\":\"S\u00e9rie de blogs sur la conf\u00e9rence de presse annuelle d\u2019Interpharma &#8211; Partie 1: La place pharmaceutique suisse a besoin de mise en r\u00e9seau\"}]},{\"@type\":\"WebSite\",\"@id\":\"https:\/\/iph-multisite.berta-bewegt.ch\/#website\",\"url\":\"https:\/\/iph-multisite.berta-bewegt.ch\/\",\"name\":\"Interpharma\",\"description\":\"Verband der forschenden Pharmazeutischen Firmen\",\"potentialAction\":[{\"@type\":\"SearchAction\",\"target\":{\"@type\":\"EntryPoint\",\"urlTemplate\":\"https:\/\/iph-multisite.berta-bewegt.ch\/?s={search_term_string}\"},\"query-input\":{\"@type\":\"PropertyValueSpecification\",\"valueRequired\":true,\"valueName\":\"search_term_string\"}}],\"inLanguage\":\"fr-FR\"},{\"@type\":\"Person\",\"@id\":\"https:\/\/iph-multisite.berta-bewegt.ch\/#\/schema\/person\/749c3574947ecc016332eb58d91e45a3\",\"name\":\"berta_admin\",\"image\":{\"@type\":\"ImageObject\",\"inLanguage\":\"fr-FR\",\"@id\":\"https:\/\/secure.gravatar.com\/avatar\/a2aeb00900e30743ff2859dfc3dd11cf7e64bb4ec7a1f349ee3772658a1d087d?s=96&d=mm&r=g\",\"url\":\"https:\/\/secure.gravatar.com\/avatar\/a2aeb00900e30743ff2859dfc3dd11cf7e64bb4ec7a1f349ee3772658a1d087d?s=96&d=mm&r=g\",\"contentUrl\":\"https:\/\/secure.gravatar.com\/avatar\/a2aeb00900e30743ff2859dfc3dd11cf7e64bb4ec7a1f349ee3772658a1d087d?s=96&d=mm&r=g\",\"caption\":\"berta_admin\"},\"sameAs\":[\"https:\/\/iph-multisite.berta-bewegt.ch\"]}]}<\/script>\n<!-- \/ Yoast SEO plugin. -->","yoast_head_json":{"title":"S\u00e9rie de blogs sur la conf\u00e9rence de presse annuelle d\u2019Interpharma - Partie 1: La place pharmaceutique suisse a besoin de mise en r\u00e9seau - Interpharma","robots":{"index":"noindex","follow":"follow","max-snippet":"max-snippet:-1","max-image-preview":"max-image-preview:large","max-video-preview":"max-video-preview:-1"},"og_locale":"fr_FR","og_type":"article","og_title":"S\u00e9rie de blogs sur la conf\u00e9rence de presse annuelle d\u2019Interpharma - Partie 1: La place pharmaceutique suisse a besoin de mise en r\u00e9seau - Interpharma","og_description":"J\u00f6rg-Michael Rupp, Directeur Pharma International, Roche Que retire l\u2019industrie pharmaceutique pratiquant la recherche en Suisse de l\u2019ann\u00e9e pass\u00e9e? Et que doit-il encore se faire en 2023 et au-del\u00e0 pour que la place pharmaceutique suisse d\u00e9fende sa position de leader et que les patient-e-s aient acc\u00e8s aux innovations m\u00e9dicales? Dans la partie 1 de notre s\u00e9rie [&hellip;]","og_url":"https:\/\/iph-multisite.berta-bewegt.ch\/fr\/blog\/serie-de-blogs-sur-la-conference-de-presse-annuelle-dinterpharma-partie-1-la-place-pharmaceutique-suisse-a-besoin-de-mise-en-reseau\/","og_site_name":"Interpharma","article_published_time":"2023-01-23T09:47:45+00:00","article_modified_time":"2026-03-03T09:47:29+00:00","og_image":[{"width":1150,"height":897,"url":"https:\/\/iph-multisite.berta-bewegt.ch\/wp-content\/uploads\/2023\/01\/Grupp-Schwaechere-Qualitaet.jpg","type":"image\/jpeg"}],"author":"berta_admin","twitter_card":"summary_large_image","twitter_misc":{"\u00c9crit par":"berta_admin","Dur\u00e9e de lecture estim\u00e9e":"8 minutes"},"schema":{"@context":"https:\/\/schema.org","@graph":[{"@type":"Article","@id":"https:\/\/iph-multisite.berta-bewegt.ch\/fr\/blog\/serie-de-blogs-sur-la-conference-de-presse-annuelle-dinterpharma-partie-1-la-place-pharmaceutique-suisse-a-besoin-de-mise-en-reseau\/#article","isPartOf":{"@id":"https:\/\/iph-multisite.berta-bewegt.ch\/fr\/blog\/serie-de-blogs-sur-la-conference-de-presse-annuelle-dinterpharma-partie-1-la-place-pharmaceutique-suisse-a-besoin-de-mise-en-reseau\/"},"author":{"name":"berta_admin","@id":"https:\/\/iph-multisite.berta-bewegt.ch\/#\/schema\/person\/749c3574947ecc016332eb58d91e45a3"},"headline":"S\u00e9rie de blogs sur la conf\u00e9rence de presse annuelle d\u2019Interpharma &#8211; Partie 1: La place pharmaceutique suisse a besoin de mise en r\u00e9seau","datePublished":"2023-01-23T09:47:45+00:00","dateModified":"2026-03-03T09:47:29+00:00","mainEntityOfPage":{"@id":"https:\/\/iph-multisite.berta-bewegt.ch\/fr\/blog\/serie-de-blogs-sur-la-conference-de-presse-annuelle-dinterpharma-partie-1-la-place-pharmaceutique-suisse-a-besoin-de-mise-en-reseau\/"},"wordCount":1590,"image":{"@id":"https:\/\/iph-multisite.berta-bewegt.ch\/fr\/blog\/serie-de-blogs-sur-la-conference-de-presse-annuelle-dinterpharma-partie-1-la-place-pharmaceutique-suisse-a-besoin-de-mise-en-reseau\/#primaryimage"},"thumbnailUrl":"https:\/\/iph-multisite.berta-bewegt.ch\/wp-content\/uploads\/2023\/01\/Grupp-Schwaechere-Qualitaet.jpg","keywords":["place pharmaceutique suisse","M\u00e9dias","Politique"],"inLanguage":"fr-FR","copyrightYear":"2023","copyrightHolder":{"@id":"https:\/\/iph-multisite.berta-bewegt.ch\/#organization"}},{"@type":"WebPage","@id":"https:\/\/iph-multisite.berta-bewegt.ch\/fr\/blog\/serie-de-blogs-sur-la-conference-de-presse-annuelle-dinterpharma-partie-1-la-place-pharmaceutique-suisse-a-besoin-de-mise-en-reseau\/","url":"https:\/\/iph-multisite.berta-bewegt.ch\/fr\/blog\/serie-de-blogs-sur-la-conference-de-presse-annuelle-dinterpharma-partie-1-la-place-pharmaceutique-suisse-a-besoin-de-mise-en-reseau\/","name":"S\u00e9rie de blogs sur la conf\u00e9rence de presse annuelle d\u2019Interpharma - Partie 1: La place pharmaceutique suisse a besoin de mise en r\u00e9seau - Interpharma","isPartOf":{"@id":"https:\/\/iph-multisite.berta-bewegt.ch\/#website"},"primaryImageOfPage":{"@id":"https:\/\/iph-multisite.berta-bewegt.ch\/fr\/blog\/serie-de-blogs-sur-la-conference-de-presse-annuelle-dinterpharma-partie-1-la-place-pharmaceutique-suisse-a-besoin-de-mise-en-reseau\/#primaryimage"},"image":{"@id":"https:\/\/iph-multisite.berta-bewegt.ch\/fr\/blog\/serie-de-blogs-sur-la-conference-de-presse-annuelle-dinterpharma-partie-1-la-place-pharmaceutique-suisse-a-besoin-de-mise-en-reseau\/#primaryimage"},"thumbnailUrl":"https:\/\/iph-multisite.berta-bewegt.ch\/wp-content\/uploads\/2023\/01\/Grupp-Schwaechere-Qualitaet.jpg","datePublished":"2023-01-23T09:47:45+00:00","dateModified":"2026-03-03T09:47:29+00:00","author":{"@id":"https:\/\/iph-multisite.berta-bewegt.ch\/#\/schema\/person\/749c3574947ecc016332eb58d91e45a3"},"breadcrumb":{"@id":"https:\/\/iph-multisite.berta-bewegt.ch\/fr\/blog\/serie-de-blogs-sur-la-conference-de-presse-annuelle-dinterpharma-partie-1-la-place-pharmaceutique-suisse-a-besoin-de-mise-en-reseau\/#breadcrumb"},"inLanguage":"fr-FR","potentialAction":[{"@type":"ReadAction","target":["https:\/\/iph-multisite.berta-bewegt.ch\/fr\/blog\/serie-de-blogs-sur-la-conference-de-presse-annuelle-dinterpharma-partie-1-la-place-pharmaceutique-suisse-a-besoin-de-mise-en-reseau\/"]}]},{"@type":"ImageObject","inLanguage":"fr-FR","@id":"https:\/\/iph-multisite.berta-bewegt.ch\/fr\/blog\/serie-de-blogs-sur-la-conference-de-presse-annuelle-dinterpharma-partie-1-la-place-pharmaceutique-suisse-a-besoin-de-mise-en-reseau\/#primaryimage","url":"https:\/\/iph-multisite.berta-bewegt.ch\/wp-content\/uploads\/2023\/01\/Grupp-Schwaechere-Qualitaet.jpg","contentUrl":"https:\/\/iph-multisite.berta-bewegt.ch\/wp-content\/uploads\/2023\/01\/Grupp-Schwaechere-Qualitaet.jpg","width":1150,"height":897},{"@type":"BreadcrumbList","@id":"https:\/\/iph-multisite.berta-bewegt.ch\/fr\/blog\/serie-de-blogs-sur-la-conference-de-presse-annuelle-dinterpharma-partie-1-la-place-pharmaceutique-suisse-a-besoin-de-mise-en-reseau\/#breadcrumb","itemListElement":[{"@type":"ListItem","position":1,"name":"Startseite","item":"https:\/\/iph-multisite.berta-bewegt.ch\/fr\/"},{"@type":"ListItem","position":2,"name":"S\u00e9rie de blogs sur la conf\u00e9rence de presse annuelle d\u2019Interpharma &#8211; Partie 1: La place pharmaceutique suisse a besoin de mise en r\u00e9seau"}]},{"@type":"WebSite","@id":"https:\/\/iph-multisite.berta-bewegt.ch\/#website","url":"https:\/\/iph-multisite.berta-bewegt.ch\/","name":"Interpharma","description":"Verband der forschenden Pharmazeutischen Firmen","potentialAction":[{"@type":"SearchAction","target":{"@type":"EntryPoint","urlTemplate":"https:\/\/iph-multisite.berta-bewegt.ch\/?s={search_term_string}"},"query-input":{"@type":"PropertyValueSpecification","valueRequired":true,"valueName":"search_term_string"}}],"inLanguage":"fr-FR"},{"@type":"Person","@id":"https:\/\/iph-multisite.berta-bewegt.ch\/#\/schema\/person\/749c3574947ecc016332eb58d91e45a3","name":"berta_admin","image":{"@type":"ImageObject","inLanguage":"fr-FR","@id":"https:\/\/secure.gravatar.com\/avatar\/a2aeb00900e30743ff2859dfc3dd11cf7e64bb4ec7a1f349ee3772658a1d087d?s=96&d=mm&r=g","url":"https:\/\/secure.gravatar.com\/avatar\/a2aeb00900e30743ff2859dfc3dd11cf7e64bb4ec7a1f349ee3772658a1d087d?s=96&d=mm&r=g","contentUrl":"https:\/\/secure.gravatar.com\/avatar\/a2aeb00900e30743ff2859dfc3dd11cf7e64bb4ec7a1f349ee3772658a1d087d?s=96&d=mm&r=g","caption":"berta_admin"},"sameAs":["https:\/\/iph-multisite.berta-bewegt.ch"]}]}},"_links":{"self":[{"href":"https:\/\/iph-multisite.berta-bewegt.ch\/fr\/wp-json\/wp\/v2\/posts\/13810","targetHints":{"allow":["GET"]}}],"collection":[{"href":"https:\/\/iph-multisite.berta-bewegt.ch\/fr\/wp-json\/wp\/v2\/posts"}],"about":[{"href":"https:\/\/iph-multisite.berta-bewegt.ch\/fr\/wp-json\/wp\/v2\/types\/post"}],"author":[{"embeddable":true,"href":"https:\/\/iph-multisite.berta-bewegt.ch\/fr\/wp-json\/wp\/v2\/users\/1"}],"replies":[{"embeddable":true,"href":"https:\/\/iph-multisite.berta-bewegt.ch\/fr\/wp-json\/wp\/v2\/comments?post=13810"}],"version-history":[{"count":1,"href":"https:\/\/iph-multisite.berta-bewegt.ch\/fr\/wp-json\/wp\/v2\/posts\/13810\/revisions"}],"predecessor-version":[{"id":13811,"href":"https:\/\/iph-multisite.berta-bewegt.ch\/fr\/wp-json\/wp\/v2\/posts\/13810\/revisions\/13811"}],"wp:featuredmedia":[{"embeddable":true,"href":"https:\/\/iph-multisite.berta-bewegt.ch\/fr\/wp-json\/wp\/v2\/media\/2607"}],"wp:attachment":[{"href":"https:\/\/iph-multisite.berta-bewegt.ch\/fr\/wp-json\/wp\/v2\/media?parent=13810"}],"wp:term":[{"taxonomy":"post_tag","embeddable":true,"href":"https:\/\/iph-multisite.berta-bewegt.ch\/fr\/wp-json\/wp\/v2\/tags?post=13810"}],"curies":[{"name":"wp","href":"https:\/\/api.w.org\/{rel}","templated":true}]}}